{"id":34853,"date":"2025-11-12T13:03:00","date_gmt":"2025-11-12T12:03:00","guid":{"rendered":"https:\/\/sunce-st.org\/?p=34853"},"modified":"2025-12-01T09:09:38","modified_gmt":"2025-12-01T08:09:38","slug":"outdoor-classroom-opened-at-brda-elementary-school","status":"publish","type":"post","link":"https:\/\/sunce-st.org\/en\/news\/outdoor-classroom-opened-at-brda-elementary-school\/","title":{"rendered":"Outdoor classroom opened at Brda Elementary School: \u2018Wow, it\u2019s great to be a Brda student!"},"content":{"rendered":"\n<p>In the sunny school garden of <strong>Brda Elementary School <\/strong>in Split, everything has been smelling of something new these days: creativity, togetherness, and collaboration. Students, teachers, collaborators, and partners from Germany gathered on <strong>November<\/strong> <strong>6, 2025 <\/strong>for the official opening of the outdoor classroom, part of the <strong><em>Outdoor Classroom Day<\/em> initiative<\/strong>.<\/p>\n\n\n\n<p>The school garden at Brda Elementary School underwent significant changes over the past year. While in September 2024 it looked like an ordinary space for play and outdoor learning, by November 2025 the garden was shining in its full glory. The modern outdoor classroom is the result of collaborative work within the project <a href=\"https:\/\/sunce-st.org\/en\/projects\/volonterra-active-schools-initiate-changes\/\" target=\"_blank\" rel=\"noreferrer noopener\"><strong><em>VolonTERRA\u2014Active Schools Initiate Changes!<\/em><\/strong><\/a>.<\/p>\n\n\n\n<figure class=\"wp-block-gallery has-nested-images columns-default is-cropped wp-block-gallery-1 is-layout-flex wp-block-gallery-is-layout-flex\">\n<figure class=\"wp-block-image size-large\"><img loading=\"lazy\" decoding=\"async\" width=\"1024\" height=\"640\" data-id=\"34670\" src=\"https:\/\/sunce-st.org\/wp-content\/uploads\/2025\/11\/volonterra_brda_proslava_6_11_-29-1024x640.png\" alt=\"\" class=\"wp-image-34670\" srcset=\"https:\/\/sunce-st.org\/wp-content\/uploads\/2025\/11\/volonterra_brda_proslava_6_11_-29-1024x640.png 1024w, https:\/\/sunce-st.org\/wp-content\/uploads\/2025\/11\/volonterra_brda_proslava_6_11_-29-480x300.png 480w, https:\/\/sunce-st.org\/wp-content\/uploads\/2025\/11\/volonterra_brda_proslava_6_11_-29-768x480.png 768w, https:\/\/sunce-st.org\/wp-content\/uploads\/2025\/11\/volonterra_brda_proslava_6_11_-29-500x313.png 500w, https:\/\/sunce-st.org\/wp-content\/uploads\/2025\/11\/volonterra_brda_proslava_6_11_-29.png 1280w\" sizes=\"auto, (max-width: 1024px) 100vw, 1024px\" \/><\/figure>\n\n\n\n<figure class=\"wp-block-image size-large\"><img loading=\"lazy\" decoding=\"async\" width=\"1024\" height=\"640\" data-id=\"34672\" src=\"https:\/\/sunce-st.org\/wp-content\/uploads\/2025\/11\/volonterra_brda_proslava_6_11_-28-1024x640.png\" alt=\"\" class=\"wp-image-34672\" srcset=\"https:\/\/sunce-st.org\/wp-content\/uploads\/2025\/11\/volonterra_brda_proslava_6_11_-28-1024x640.png 1024w, https:\/\/sunce-st.org\/wp-content\/uploads\/2025\/11\/volonterra_brda_proslava_6_11_-28-480x300.png 480w, https:\/\/sunce-st.org\/wp-content\/uploads\/2025\/11\/volonterra_brda_proslava_6_11_-28-768x480.png 768w, https:\/\/sunce-st.org\/wp-content\/uploads\/2025\/11\/volonterra_brda_proslava_6_11_-28-500x313.png 500w, https:\/\/sunce-st.org\/wp-content\/uploads\/2025\/11\/volonterra_brda_proslava_6_11_-28.png 1280w\" sizes=\"auto, (max-width: 1024px) 100vw, 1024px\" \/><\/figure>\n<\/figure>\n\n\n\n<p>More than 70 adults \u2013 teachers, volunteers, and project partners \u2013 along with more than 30 Brda Elementary pupils participated in this cheerful event. Their smiles and energy gave a special tone to the entire celebration. To make the opening truly memorable, we designed engaging activities for both children and teachers, held both inside the school and in the new outdoor classroom.<\/p>\n\n\n\n<figure class=\"wp-block-gallery has-nested-images columns-default is-cropped wp-block-gallery-2 is-layout-flex wp-block-gallery-is-layout-flex\">\n<figure class=\"wp-block-image size-full\"><img loading=\"lazy\" decoding=\"async\" width=\"600\" height=\"800\" data-id=\"34612\" src=\"https:\/\/sunce-st.org\/wp-content\/uploads\/2025\/11\/volonterra_brda_proslava_6_11_-11.png\" alt=\"\" class=\"wp-image-34612\" srcset=\"https:\/\/sunce-st.org\/wp-content\/uploads\/2025\/11\/volonterra_brda_proslava_6_11_-11.png 600w, https:\/\/sunce-st.org\/wp-content\/uploads\/2025\/11\/volonterra_brda_proslava_6_11_-11-225x300.png 225w, https:\/\/sunce-st.org\/wp-content\/uploads\/2025\/11\/volonterra_brda_proslava_6_11_-11-500x667.png 500w\" sizes=\"auto, (max-width: 600px) 100vw, 600px\" \/><\/figure>\n\n\n\n<figure class=\"wp-block-image size-full\"><img loading=\"lazy\" decoding=\"async\" width=\"600\" height=\"800\" data-id=\"34606\" src=\"https:\/\/sunce-st.org\/wp-content\/uploads\/2025\/11\/volonterra_brda_proslava_6_11_-13.png\" alt=\"\" class=\"wp-image-34606\" srcset=\"https:\/\/sunce-st.org\/wp-content\/uploads\/2025\/11\/volonterra_brda_proslava_6_11_-13.png 600w, https:\/\/sunce-st.org\/wp-content\/uploads\/2025\/11\/volonterra_brda_proslava_6_11_-13-225x300.png 225w, https:\/\/sunce-st.org\/wp-content\/uploads\/2025\/11\/volonterra_brda_proslava_6_11_-13-500x667.png 500w\" sizes=\"auto, (max-width: 600px) 100vw, 600px\" \/><\/figure>\n<\/figure>\n\n\n\n<h2 class=\"wp-block-heading\">Flowers, grass, and colors that come to life under the paintbrush<\/h2>\n\n\n\n<p>The first activity held in the outdoor classroom was a workshop for teachers <strong>\u201cActivities in the outdoor classroom.\u201d<\/strong> The workshop was led by <strong>Korinna Freihof<\/strong>, a graduate landscape architect from Germany and a staff member of our project partners at the <strong>Regional center for environmental education Hollen<\/strong>.<\/p>\n\n\n\n<figure class=\"wp-block-gallery has-nested-images columns-default is-cropped wp-block-gallery-3 is-layout-flex wp-block-gallery-is-layout-flex\">\n<figure class=\"wp-block-image size-full\"><img loading=\"lazy\" decoding=\"async\" width=\"600\" height=\"800\" data-id=\"34636\" src=\"https:\/\/sunce-st.org\/wp-content\/uploads\/2025\/11\/volonterra_brda_proslava_6_11_-19.png\" alt=\"\" class=\"wp-image-34636\" srcset=\"https:\/\/sunce-st.org\/wp-content\/uploads\/2025\/11\/volonterra_brda_proslava_6_11_-19.png 600w, https:\/\/sunce-st.org\/wp-content\/uploads\/2025\/11\/volonterra_brda_proslava_6_11_-19-225x300.png 225w, https:\/\/sunce-st.org\/wp-content\/uploads\/2025\/11\/volonterra_brda_proslava_6_11_-19-500x667.png 500w\" sizes=\"auto, (max-width: 600px) 100vw, 600px\" \/><\/figure>\n\n\n\n<figure class=\"wp-block-image size-full\"><img loading=\"lazy\" decoding=\"async\" width=\"600\" height=\"800\" data-id=\"34634\" src=\"https:\/\/sunce-st.org\/wp-content\/uploads\/2025\/11\/volonterra_brda_proslava_6_11_-18.png\" alt=\"\" class=\"wp-image-34634\" srcset=\"https:\/\/sunce-st.org\/wp-content\/uploads\/2025\/11\/volonterra_brda_proslava_6_11_-18.png 600w, https:\/\/sunce-st.org\/wp-content\/uploads\/2025\/11\/volonterra_brda_proslava_6_11_-18-225x300.png 225w, https:\/\/sunce-st.org\/wp-content\/uploads\/2025\/11\/volonterra_brda_proslava_6_11_-18-500x667.png 500w\" sizes=\"auto, (max-width: 600px) 100vw, 600px\" \/><\/figure>\n\n\n\n<figure class=\"wp-block-image size-full\"><img loading=\"lazy\" decoding=\"async\" width=\"600\" height=\"800\" data-id=\"34642\" src=\"https:\/\/sunce-st.org\/wp-content\/uploads\/2025\/11\/volonterra_brda_proslava_6_11_-20.png\" alt=\"\" class=\"wp-image-34642\" srcset=\"https:\/\/sunce-st.org\/wp-content\/uploads\/2025\/11\/volonterra_brda_proslava_6_11_-20.png 600w, https:\/\/sunce-st.org\/wp-content\/uploads\/2025\/11\/volonterra_brda_proslava_6_11_-20-225x300.png 225w, https:\/\/sunce-st.org\/wp-content\/uploads\/2025\/11\/volonterra_brda_proslava_6_11_-20-500x667.png 500w\" sizes=\"auto, (max-width: 600px) 100vw, 600px\" \/><\/figure>\n<\/figure>\n\n\n\n<p>During the workshop, participants became true scientists and artists. The topic was <strong>extracting colors from natural materials<\/strong> such as flowers, fruits, and grasses. However, Freihof didn\u2019t reveal everything right away. Instead of giving them ready-made instructions, she encouraged participants to think, explore, and experiment.<\/p>\n\n\n\n<p>With enthusiasm, participants mixed, mashed, and created their own color tones, trying to guess which plant would produce the most intense hue. The result was colorful artwork, smiling faces, and a courtyard that briefly turned into a small open-air art studio.<\/p>\n\n\n\n<p>The second part of the workshop focused on exchanging ideas. Teachers and representatives of partner organizations shared suggestions on how to creatively use the outdoor classroom in teaching, and the ideas kept coming. Some proposed learning cardinal directions by observing the position and movement of the sun during the day; others envisioned studying tree age by counting annual rings on stumps and linking that data to historical events; while some suggested measuring and comparing the microclimate in different parts of the school garden.<\/p>\n\n\n<div class=\"wp-block-image\">\n<figure class=\"aligncenter size-large\"><img loading=\"lazy\" decoding=\"async\" width=\"1024\" height=\"640\" src=\"https:\/\/sunce-st.org\/wp-content\/uploads\/2025\/11\/volonterra_brda_proslava_6_11_-6-1-1024x640.png\" alt=\"\" class=\"wp-image-34640\" srcset=\"https:\/\/sunce-st.org\/wp-content\/uploads\/2025\/11\/volonterra_brda_proslava_6_11_-6-1-1024x640.png 1024w, https:\/\/sunce-st.org\/wp-content\/uploads\/2025\/11\/volonterra_brda_proslava_6_11_-6-1-480x300.png 480w, https:\/\/sunce-st.org\/wp-content\/uploads\/2025\/11\/volonterra_brda_proslava_6_11_-6-1-768x480.png 768w, https:\/\/sunce-st.org\/wp-content\/uploads\/2025\/11\/volonterra_brda_proslava_6_11_-6-1-500x313.png 500w, https:\/\/sunce-st.org\/wp-content\/uploads\/2025\/11\/volonterra_brda_proslava_6_11_-6-1.png 1280w\" sizes=\"auto, (max-width: 1024px) 100vw, 1024px\" \/><\/figure>\n<\/div>\n\n\n<p>Each idea opened new possibilities for connecting theory and practice. Learning geography, history, and science became vivid, tangible, and close to the students. The outdoor classroom proved to be not only a teaching space but also an open-air laboratory \u2013 a place where curiosity naturally turns into knowledge.<\/p>\n\n\n\n<h2 class=\"wp-block-heading\"><strong>Workshop &#8216;Animal tracks<\/strong>&#8216;<\/h2>\n\n\n\n<p>The second workshop for teachers was led by high school professor <strong>Oliver Schaefers-Lehmkuhl<\/strong>, an external collaborator of the Regional Center for Environmental Education Hollen. Through searching for animals in the school garden, recognizing animal sounds, and studying and making casts of animal tracks, participants enjoyed a blend of outdoor and classroom activities. At times, they felt just like Ollie\u2019s students: curious explorers of nature!<\/p>\n\n\n\n<p>Professor Ollie showed participants tracks and prints of various animals, such as foxes, wildcats, ducks, and deer. Many had never had the chance to recognize them before, and he taught them how to distinguish their shapes and patterns in nature.<\/p>\n\n\n\n<figure class=\"wp-block-gallery has-nested-images columns-default is-cropped wp-block-gallery-4 is-layout-flex wp-block-gallery-is-layout-flex\">\n<figure class=\"wp-block-image size-full\"><img loading=\"lazy\" decoding=\"async\" width=\"600\" height=\"800\" data-id=\"34632\" src=\"https:\/\/sunce-st.org\/wp-content\/uploads\/2025\/11\/volonterra_brda_proslava_6_11_-17.png\" alt=\"\" class=\"wp-image-34632\" srcset=\"https:\/\/sunce-st.org\/wp-content\/uploads\/2025\/11\/volonterra_brda_proslava_6_11_-17.png 600w, https:\/\/sunce-st.org\/wp-content\/uploads\/2025\/11\/volonterra_brda_proslava_6_11_-17-225x300.png 225w, https:\/\/sunce-st.org\/wp-content\/uploads\/2025\/11\/volonterra_brda_proslava_6_11_-17-500x667.png 500w\" sizes=\"auto, (max-width: 600px) 100vw, 600px\" \/><\/figure>\n\n\n\n<figure class=\"wp-block-image size-full\"><img loading=\"lazy\" decoding=\"async\" width=\"600\" height=\"800\" data-id=\"34648\" src=\"https:\/\/sunce-st.org\/wp-content\/uploads\/2025\/11\/volonterra_brda_proslava_6_11_-22.png\" alt=\"\" class=\"wp-image-34648\" srcset=\"https:\/\/sunce-st.org\/wp-content\/uploads\/2025\/11\/volonterra_brda_proslava_6_11_-22.png 600w, https:\/\/sunce-st.org\/wp-content\/uploads\/2025\/11\/volonterra_brda_proslava_6_11_-22-225x300.png 225w, https:\/\/sunce-st.org\/wp-content\/uploads\/2025\/11\/volonterra_brda_proslava_6_11_-22-500x667.png 500w\" sizes=\"auto, (max-width: 600px) 100vw, 600px\" \/><\/figure>\n\n\n\n<figure class=\"wp-block-image size-full\"><img loading=\"lazy\" decoding=\"async\" width=\"1280\" height=\"800\" data-id=\"34646\" src=\"https:\/\/sunce-st.org\/wp-content\/uploads\/2025\/11\/web-6.png\" alt=\"\" class=\"wp-image-34646\" srcset=\"https:\/\/sunce-st.org\/wp-content\/uploads\/2025\/11\/web-6.png 1280w, https:\/\/sunce-st.org\/wp-content\/uploads\/2025\/11\/web-6-480x300.png 480w, https:\/\/sunce-st.org\/wp-content\/uploads\/2025\/11\/web-6-1024x640.png 1024w, https:\/\/sunce-st.org\/wp-content\/uploads\/2025\/11\/web-6-768x480.png 768w, https:\/\/sunce-st.org\/wp-content\/uploads\/2025\/11\/web-6-500x313.png 500w\" sizes=\"auto, (max-width: 1280px) 100vw, 1280px\" \/><\/figure>\n<\/figure>\n\n\n\n<h2 class=\"wp-block-heading\"><strong>Children\u2019s workshop &#8216;Zero waste cooking<\/strong>&#8216;<\/h2>\n\n\n\n<p>The workshop <strong>\u201cZero-waste cooking\u201d<\/strong> was perhaps the most fun workshop of the day \u2013 at least if you ask the children! Led by professional chefs from the association <strong>ACMER \u2013 Association of Chefs from Mediterranean and European Regions,<\/strong> students from classes <strong>6.a and 6.b <\/strong>of Brda Elementary tried their hand at a true culinary challenge.<\/p>\n\n\n\n<p>Together with the chefs, they prepared homemade rolls, pasta with tomato and zucchini sauce, and candied almonds. They participated enthusiastically in every stage of cooking. They chopped and saut\u00e9ed vegetables for the sauce, cooked and drained pasta, and then tried making the sweet candied almonds.<\/p>\n\n\n\n<figure class=\"wp-block-gallery has-nested-images columns-default is-cropped wp-block-gallery-5 is-layout-flex wp-block-gallery-is-layout-flex\">\n<figure class=\"wp-block-image size-full\"><img loading=\"lazy\" decoding=\"async\" width=\"600\" height=\"800\" data-id=\"34626\" src=\"https:\/\/sunce-st.org\/wp-content\/uploads\/2025\/11\/volonterra_brda_proslava_6_11_-9.png\" alt=\"\" class=\"wp-image-34626\" srcset=\"https:\/\/sunce-st.org\/wp-content\/uploads\/2025\/11\/volonterra_brda_proslava_6_11_-9.png 600w, https:\/\/sunce-st.org\/wp-content\/uploads\/2025\/11\/volonterra_brda_proslava_6_11_-9-225x300.png 225w, https:\/\/sunce-st.org\/wp-content\/uploads\/2025\/11\/volonterra_brda_proslava_6_11_-9-500x667.png 500w\" sizes=\"auto, (max-width: 600px) 100vw, 600px\" \/><\/figure>\n\n\n\n<figure class=\"wp-block-image size-full\"><img loading=\"lazy\" decoding=\"async\" width=\"600\" height=\"800\" data-id=\"34644\" src=\"https:\/\/sunce-st.org\/wp-content\/uploads\/2025\/11\/volonterra_brda_proslava_6_11_-15-1.png\" alt=\"\" class=\"wp-image-34644\" srcset=\"https:\/\/sunce-st.org\/wp-content\/uploads\/2025\/11\/volonterra_brda_proslava_6_11_-15-1.png 600w, https:\/\/sunce-st.org\/wp-content\/uploads\/2025\/11\/volonterra_brda_proslava_6_11_-15-1-225x300.png 225w, https:\/\/sunce-st.org\/wp-content\/uploads\/2025\/11\/volonterra_brda_proslava_6_11_-15-1-500x667.png 500w\" sizes=\"auto, (max-width: 600px) 100vw, 600px\" \/><\/figure>\n\n\n\n<figure class=\"wp-block-image size-full\"><img loading=\"lazy\" decoding=\"async\" width=\"600\" height=\"800\" data-id=\"34628\" src=\"https:\/\/sunce-st.org\/wp-content\/uploads\/2025\/11\/volonterra_brda_proslava_6_11_-10.png\" alt=\"\" class=\"wp-image-34628\" srcset=\"https:\/\/sunce-st.org\/wp-content\/uploads\/2025\/11\/volonterra_brda_proslava_6_11_-10.png 600w, https:\/\/sunce-st.org\/wp-content\/uploads\/2025\/11\/volonterra_brda_proslava_6_11_-10-225x300.png 225w, https:\/\/sunce-st.org\/wp-content\/uploads\/2025\/11\/volonterra_brda_proslava_6_11_-10-500x667.png 500w\" sizes=\"auto, (max-width: 600px) 100vw, 600px\" \/><\/figure>\n<\/figure>\n\n\n\n<p>At the end, they proudly tasted their own dishes and the only tears shed were the ones caused by chopping onions!<\/p>\n\n\n\n<figure class=\"wp-block-gallery has-nested-images columns-default is-cropped wp-block-gallery-6 is-layout-flex wp-block-gallery-is-layout-flex\">\n<figure class=\"wp-block-image size-large\"><img loading=\"lazy\" decoding=\"async\" width=\"1024\" height=\"640\" data-id=\"34622\" src=\"https:\/\/sunce-st.org\/wp-content\/uploads\/2025\/11\/volonterra_brda_proslava_6_11_-5-1024x640.png\" alt=\"\" class=\"wp-image-34622\" srcset=\"https:\/\/sunce-st.org\/wp-content\/uploads\/2025\/11\/volonterra_brda_proslava_6_11_-5-1024x640.png 1024w, https:\/\/sunce-st.org\/wp-content\/uploads\/2025\/11\/volonterra_brda_proslava_6_11_-5-480x300.png 480w, https:\/\/sunce-st.org\/wp-content\/uploads\/2025\/11\/volonterra_brda_proslava_6_11_-5-768x480.png 768w, https:\/\/sunce-st.org\/wp-content\/uploads\/2025\/11\/volonterra_brda_proslava_6_11_-5-500x313.png 500w, https:\/\/sunce-st.org\/wp-content\/uploads\/2025\/11\/volonterra_brda_proslava_6_11_-5.png 1280w\" sizes=\"auto, (max-width: 1024px) 100vw, 1024px\" \/><\/figure>\n<\/figure>\n\n\n\n<figure class=\"wp-block-gallery has-nested-images columns-default is-cropped wp-block-gallery-7 is-layout-flex wp-block-gallery-is-layout-flex\">\n<figure class=\"wp-block-image size-full\"><img loading=\"lazy\" decoding=\"async\" width=\"600\" height=\"800\" data-id=\"34665\" src=\"https:\/\/sunce-st.org\/wp-content\/uploads\/2025\/11\/volonterra_brda_proslava_6_11_-26-1.png\" alt=\"\" class=\"wp-image-34665\" srcset=\"https:\/\/sunce-st.org\/wp-content\/uploads\/2025\/11\/volonterra_brda_proslava_6_11_-26-1.png 600w, https:\/\/sunce-st.org\/wp-content\/uploads\/2025\/11\/volonterra_brda_proslava_6_11_-26-1-225x300.png 225w, https:\/\/sunce-st.org\/wp-content\/uploads\/2025\/11\/volonterra_brda_proslava_6_11_-26-1-500x667.png 500w\" sizes=\"auto, (max-width: 600px) 100vw, 600px\" \/><\/figure>\n\n\n\n<figure class=\"wp-block-image size-full\"><img loading=\"lazy\" decoding=\"async\" width=\"600\" height=\"800\" data-id=\"34662\" src=\"https:\/\/sunce-st.org\/wp-content\/uploads\/2025\/11\/volonterra_brda_proslava_6_11_-25.png\" alt=\"\" class=\"wp-image-34662\" srcset=\"https:\/\/sunce-st.org\/wp-content\/uploads\/2025\/11\/volonterra_brda_proslava_6_11_-25.png 600w, https:\/\/sunce-st.org\/wp-content\/uploads\/2025\/11\/volonterra_brda_proslava_6_11_-25-225x300.png 225w, https:\/\/sunce-st.org\/wp-content\/uploads\/2025\/11\/volonterra_brda_proslava_6_11_-25-500x667.png 500w\" sizes=\"auto, (max-width: 600px) 100vw, 600px\" \/><\/figure>\n\n\n\n<figure class=\"wp-block-image size-full\"><img loading=\"lazy\" decoding=\"async\" width=\"600\" height=\"800\" data-id=\"34660\" src=\"https:\/\/sunce-st.org\/wp-content\/uploads\/2025\/11\/volonterra_brda_proslava_6_11_-27.png\" alt=\"\" class=\"wp-image-34660\" srcset=\"https:\/\/sunce-st.org\/wp-content\/uploads\/2025\/11\/volonterra_brda_proslava_6_11_-27.png 600w, https:\/\/sunce-st.org\/wp-content\/uploads\/2025\/11\/volonterra_brda_proslava_6_11_-27-225x300.png 225w, https:\/\/sunce-st.org\/wp-content\/uploads\/2025\/11\/volonterra_brda_proslava_6_11_-27-500x667.png 500w\" sizes=\"auto, (max-width: 600px) 100vw, 600px\" \/><\/figure>\n<\/figure>\n\n\n\n<h2 class=\"wp-block-heading\">Learning under the open sky \u2013 small changes, big impacts<\/h2>\n\n\n\n<p>The project <a href=\"https:\/\/sunce-st.org\/en\/projects\/volonterra-active-schools-initiate-changes\/\" data-type=\"link\" data-id=\"https:\/\/sunce-st.org\/en\/projects\/volonterra-active-schools-initiate-changes\/\" target=\"_blank\" rel=\"noreferrer noopener\"><strong><em>VolonTERRA\u2014Active Schools Initiate Changes!<\/em><\/strong><\/a>, implemented by the Sunce association since 2024, aims to encourage schools to become places where nature is not just observed through a window but becomes an integral part of everyday learning and exploration.<\/p>\n\n\n\n<p>By opening this outdoor classroom, Brda Elementary has become another shining example of a school that lives sustainability in practice through learning, play, volunteering, and cooperation.<\/p>\n\n\n\n<p>We extend a big thank-you to all project participants, especially the students of Brda Elementary and principal <strong>Katarina Zeli\u0107<\/strong>, whose support was crucial for the realization of such a large undertaking. We also thank teachers <strong>Vedrana \u0160ilovi\u0107, Tina Ivelja, Danijela Radi\u0107, and Zrinka Bani\u0107<\/strong> for their engagement in project activities, organization, and volunteer actions for the classroom\u2019s design.<\/p>\n\n\n\n<figure class=\"wp-block-gallery has-nested-images columns-default is-cropped wp-block-gallery-8 is-layout-flex wp-block-gallery-is-layout-flex\">\n<figure class=\"wp-block-image size-large\"><img loading=\"lazy\" decoding=\"async\" width=\"1024\" height=\"640\" data-id=\"34616\" src=\"https:\/\/sunce-st.org\/wp-content\/uploads\/2025\/11\/volonterra_brda_proslava_6_11_-2-1024x640.png\" alt=\"\" class=\"wp-image-34616\" srcset=\"https:\/\/sunce-st.org\/wp-content\/uploads\/2025\/11\/volonterra_brda_proslava_6_11_-2-1024x640.png 1024w, https:\/\/sunce-st.org\/wp-content\/uploads\/2025\/11\/volonterra_brda_proslava_6_11_-2-480x300.png 480w, https:\/\/sunce-st.org\/wp-content\/uploads\/2025\/11\/volonterra_brda_proslava_6_11_-2-768x480.png 768w, https:\/\/sunce-st.org\/wp-content\/uploads\/2025\/11\/volonterra_brda_proslava_6_11_-2-500x313.png 500w, https:\/\/sunce-st.org\/wp-content\/uploads\/2025\/11\/volonterra_brda_proslava_6_11_-2.png 1280w\" sizes=\"auto, (max-width: 1024px) 100vw, 1024px\" \/><\/figure>\n\n\n\n<figure class=\"wp-block-image size-large\"><img loading=\"lazy\" decoding=\"async\" width=\"1024\" height=\"640\" data-id=\"34614\" src=\"https:\/\/sunce-st.org\/wp-content\/uploads\/2025\/11\/volonterra_brda_proslava_6_11_-1024x640.png\" alt=\"\" class=\"wp-image-34614\" srcset=\"https:\/\/sunce-st.org\/wp-content\/uploads\/2025\/11\/volonterra_brda_proslava_6_11_-1024x640.png 1024w, https:\/\/sunce-st.org\/wp-content\/uploads\/2025\/11\/volonterra_brda_proslava_6_11_-480x300.png 480w, https:\/\/sunce-st.org\/wp-content\/uploads\/2025\/11\/volonterra_brda_proslava_6_11_-768x480.png 768w, https:\/\/sunce-st.org\/wp-content\/uploads\/2025\/11\/volonterra_brda_proslava_6_11_-500x313.png 500w, https:\/\/sunce-st.org\/wp-content\/uploads\/2025\/11\/volonterra_brda_proslava_6_11_.png 1280w\" sizes=\"auto, (max-width: 1024px) 100vw, 1024px\" \/><\/figure>\n<\/figure>\n\n\n\n<figure class=\"wp-block-gallery has-nested-images columns-default is-cropped wp-block-gallery-9 is-layout-flex wp-block-gallery-is-layout-flex\">\n<figure class=\"wp-block-image size-full\"><img loading=\"lazy\" decoding=\"async\" width=\"600\" height=\"800\" data-id=\"34652\" src=\"https:\/\/sunce-st.org\/wp-content\/uploads\/2025\/11\/volonterra_brda_proslava_6_11_-23.png\" alt=\"\" class=\"wp-image-34652\" srcset=\"https:\/\/sunce-st.org\/wp-content\/uploads\/2025\/11\/volonterra_brda_proslava_6_11_-23.png 600w, https:\/\/sunce-st.org\/wp-content\/uploads\/2025\/11\/volonterra_brda_proslava_6_11_-23-225x300.png 225w, https:\/\/sunce-st.org\/wp-content\/uploads\/2025\/11\/volonterra_brda_proslava_6_11_-23-500x667.png 500w\" sizes=\"auto, (max-width: 600px) 100vw, 600px\" \/><\/figure>\n\n\n\n<figure class=\"wp-block-image size-full\"><img loading=\"lazy\" decoding=\"async\" width=\"600\" height=\"800\" data-id=\"34650\" src=\"https:\/\/sunce-st.org\/wp-content\/uploads\/2025\/11\/volonterra_brda_proslava_6_11_-24.png\" alt=\"\" class=\"wp-image-34650\" srcset=\"https:\/\/sunce-st.org\/wp-content\/uploads\/2025\/11\/volonterra_brda_proslava_6_11_-24.png 600w, https:\/\/sunce-st.org\/wp-content\/uploads\/2025\/11\/volonterra_brda_proslava_6_11_-24-225x300.png 225w, https:\/\/sunce-st.org\/wp-content\/uploads\/2025\/11\/volonterra_brda_proslava_6_11_-24-500x667.png 500w\" sizes=\"auto, (max-width: 600px) 100vw, 600px\" \/><\/figure>\n<\/figure>\n\n\n\n<p>Our gratitude also goes to the students and Prof. <strong>Mila Buli\u0107<\/strong> from the Faculty of Humanities and Social Sciences in Split, Prof. <strong>Martina Bau\u010di\u0107<\/strong> from the Faculty of Civil Engineering, Architecture and Geodesy, and teacher <strong>Darija \u0106erdi\u0107 Vuku\u0161i\u0107<\/strong> from the School of Design, Graphics, and Sustainable Construction Split for their participation in the project.<\/p>\n\n\n\n<p>We greatly appreciate the work of the team from <strong>Permaculture Dalmatia<\/strong>, especially the efforts of <strong>Ivan Mateljan<\/strong> and <strong>Marin Kanajet<\/strong>. This successfully completed project is yet another fruitful collaboration between Permaculture Dalmatia and Sunce \u2013 and we\u2019re not stopping here! Activities continue in the school gardens of Dobri Elementary and Kame\u0161nica Elementary through the <a href=\"https:\/\/sunce-st.org\/en\/projects\/desirmed-demonstration-and-mainstreaming-of-nature-based-solutions-for-climate-resilient-transformation-in-the-mediterranean\/\" target=\"_blank\" rel=\"noreferrer noopener\">DesirMED<\/a> project.<\/p>\n\n\n\n<p>None of this would have been possible without the partnership with the <strong>Regional Center for environmental education Hollen<\/strong> (RUZ Hollen) and the financial support of the <strong>German foundation Deutsche Bundesstiftung Umwelt <\/strong>(DBU).<\/p>\n\n\n\n<p>The children have shown that they are ready to take an active role in caring for the environment, and the adults have shown that change starts right in the classroom \u2013 <strong>whether it has desks or the sky for a ceiling<\/strong>.<\/p>\n\n\n\n<figure class=\"wp-block-image size-large\"><img loading=\"lazy\" decoding=\"async\" width=\"1024\" height=\"267\" src=\"https:\/\/sunce-st.org\/wp-content\/uploads\/2024\/04\/volonterra_slagalica-1024x267.jpg\" alt=\"dbu_umweltzemtrum_hollen_sunce\" class=\"wp-image-24946\" srcset=\"https:\/\/sunce-st.org\/wp-content\/uploads\/2024\/04\/volonterra_slagalica-1024x267.jpg 1024w, https:\/\/sunce-st.org\/wp-content\/uploads\/2024\/04\/volonterra_slagalica-760x198.jpg 760w, https:\/\/sunce-st.org\/wp-content\/uploads\/2024\/04\/volonterra_slagalica-768x200.jpg 768w, https:\/\/sunce-st.org\/wp-content\/uploads\/2024\/04\/volonterra_slagalica-500x130.jpg 500w, https:\/\/sunce-st.org\/wp-content\/uploads\/2024\/04\/volonterra_slagalica.jpg 1280w\" sizes=\"auto, (max-width: 1024px) 100vw, 1024px\" \/><\/figure>\n","protected":false},"excerpt":{"rendered":"<p>Brda Elementary School opens a new outdoor classroom, bringing hands-on learning, creativity, sustainability and community collaboration to life.<\/p>\n","protected":false},"author":14,"featured_media":34614,"comment_status":"open","ping_status":"open","sticky":false,"template":"","format":"standard","meta":{"_acf_changed":false,"footnotes":""},"categories":[5,1131],"tags":[1161],"class_list":["post-34853","post","type-post","status-publish","format-standard","has-post-thumbnail","hentry","category-news","category-volonterra-active-schools-initiate-changes","tag-volonterra"],"acf":[],"_links":{"self":[{"href":"https:\/\/sunce-st.org\/en\/wp-json\/wp\/v2\/posts\/34853","targetHints":{"allow":["GET"]}}],"collection":[{"href":"https:\/\/sunce-st.org\/en\/wp-json\/wp\/v2\/posts"}],"about":[{"href":"https:\/\/sunce-st.org\/en\/wp-json\/wp\/v2\/types\/post"}],"author":[{"embeddable":true,"href":"https:\/\/sunce-st.org\/en\/wp-json\/wp\/v2\/users\/14"}],"replies":[{"embeddable":true,"href":"https:\/\/sunce-st.org\/en\/wp-json\/wp\/v2\/comments?post=34853"}],"version-history":[{"count":4,"href":"https:\/\/sunce-st.org\/en\/wp-json\/wp\/v2\/posts\/34853\/revisions"}],"predecessor-version":[{"id":34949,"href":"https:\/\/sunce-st.org\/en\/wp-json\/wp\/v2\/posts\/34853\/revisions\/34949"}],"wp:featuredmedia":[{"embeddable":true,"href":"https:\/\/sunce-st.org\/en\/wp-json\/wp\/v2\/media\/34614"}],"wp:attachment":[{"href":"https:\/\/sunce-st.org\/en\/wp-json\/wp\/v2\/media?parent=34853"}],"wp:term":[{"taxonomy":"category","embeddable":true,"href":"https:\/\/sunce-st.org\/en\/wp-json\/wp\/v2\/categories?post=34853"},{"taxonomy":"post_tag","embeddable":true,"href":"https:\/\/sunce-st.org\/en\/wp-json\/wp\/v2\/tags?post=34853"}],"curies":[{"name":"wp","href":"https:\/\/api.w.org\/{rel}","templated":true}]}}