{"id":28968,"date":"2024-12-09T12:25:19","date_gmt":"2024-12-09T11:25:19","guid":{"rendered":"https:\/\/sunce-st.org\/news\/odrzana-zavrsna-konferencija-projekta-vera-o-ocuvanju-poljoprivredne-bioraznolikosti-u-splitu\/"},"modified":"2025-02-04T09:18:31","modified_gmt":"2025-02-04T08:18:31","slug":"odrzana-zavrsna-konferencija-projekta-vera-o-ocuvanju-poljoprivredne-bioraznolikosti-u-splitu","status":"publish","type":"post","link":"https:\/\/sunce-st.org\/en\/news\/odrzana-zavrsna-konferencija-projekta-vera-o-ocuvanju-poljoprivredne-bioraznolikosti-u-splitu\/","title":{"rendered":"The final conference of the VERA project on preserving agricultural biodiversity held in Split"},"content":{"rendered":"\n<p>The agricultural biodiversity of Dalmatia and Puglia is encountering significant challenges. Varieties of fruit trees that once formed the foundation of local agriculture are disappearing, and their loss is having a severe impact on agricultural sustainability and food sovereignty. Moreover, nurseries do not offer enough of these varieties, and many people, especially younger generations, are unaware of the richness of wild fruit trees and their importance.<\/p>\n\n\n\n<h2 class=\"wp-block-heading\" id=\"h-presented-goals-and-achievements-of-the-vera-project\">Presented goals and achievements of the VERA project<\/h2>\n\n\n\n<p>The goal of the VERA project is to preserve these species, contribute to the fight against climate change, and improve agricultural production through sustainable practices. To this end, <strong><a href=\"https:\/\/sunce-st.org\/en\/projects\/vera-sustainable-agricultural-models-for-biodiversity-preservation\/poziv-na-vera-konferenciju-o-ocuvanju-poljoprivredne-bioraznolikosti-pridruzite-se-i-doprinesite-promjenama\/\" target=\"_blank\" rel=\"noreferrer noopener\">the final conference<\/a> of the VERA project, titled &#8220;<a href=\"https:\/\/sunce-st.org\/en\/projects\/vera-sustainable-agricultural-models-for-biodiversity-preservation\/\" target=\"_blank\" rel=\"noreferrer noopener\">Sustainable agricultural models for biodiversity preservation<\/a>,&#8221; was held in Split on<\/strong> <strong>December 3, 2024<\/strong>. The conference brought together experts and enthusiasts from Croatia and Italy. Held at the <strong>MedILS Institute<\/strong>, it provided an opportunity to showcase the project\u2019s achievements, exchange experiences, and foster new collaborations in preserving agricultural biodiversity.<\/p>\n\n\n\n<figure class=\"wp-block-gallery has-nested-images columns-default is-cropped wp-block-gallery-1 is-layout-flex wp-block-gallery-is-layout-flex\">\n<figure class=\"wp-block-image size-large\"><img loading=\"lazy\" decoding=\"async\" width=\"1024\" height=\"640\" data-id=\"28949\" src=\"https:\/\/sunce-st.org\/wp-content\/uploads\/2024\/12\/VERA_konferencija-6-1024x640.png\" alt=\"\" class=\"wp-image-28949\" srcset=\"https:\/\/sunce-st.org\/wp-content\/uploads\/2024\/12\/VERA_konferencija-6-1024x640.png 1024w, https:\/\/sunce-st.org\/wp-content\/uploads\/2024\/12\/VERA_konferencija-6-480x300.png 480w, https:\/\/sunce-st.org\/wp-content\/uploads\/2024\/12\/VERA_konferencija-6-768x480.png 768w, https:\/\/sunce-st.org\/wp-content\/uploads\/2024\/12\/VERA_konferencija-6-500x313.png 500w, https:\/\/sunce-st.org\/wp-content\/uploads\/2024\/12\/VERA_konferencija-6.png 1280w\" sizes=\"auto, (max-width: 1024px) 100vw, 1024px\" \/><figcaption class=\"wp-element-caption\">The conference was moderated by <strong>Maja Juri\u0107<\/strong>, head of the Department of Communications and Advocacy at Sunce.<\/figcaption><\/figure>\n\n\n\n<figure class=\"wp-block-image size-large\"><img loading=\"lazy\" decoding=\"async\" width=\"1024\" height=\"640\" data-id=\"28955\" src=\"https:\/\/sunce-st.org\/wp-content\/uploads\/2024\/12\/VERA_konferencija-9-1024x640.png\" alt=\"\" class=\"wp-image-28955\" srcset=\"https:\/\/sunce-st.org\/wp-content\/uploads\/2024\/12\/VERA_konferencija-9-1024x640.png 1024w, https:\/\/sunce-st.org\/wp-content\/uploads\/2024\/12\/VERA_konferencija-9-480x300.png 480w, https:\/\/sunce-st.org\/wp-content\/uploads\/2024\/12\/VERA_konferencija-9-768x480.png 768w, https:\/\/sunce-st.org\/wp-content\/uploads\/2024\/12\/VERA_konferencija-9-500x313.png 500w, https:\/\/sunce-st.org\/wp-content\/uploads\/2024\/12\/VERA_konferencija-9.png 1280w\" sizes=\"auto, (max-width: 1024px) 100vw, 1024px\" \/><figcaption class=\"wp-element-caption\"><strong>Margita Radman<\/strong>, project manager in Sunce<\/figcaption><\/figure>\n<\/figure>\n\n\n\n<p>\u2013 The aim of this conference was to enhance sustainable agricultural practices and preserve biodiversity through education and joint activities. Today, we had the opportunity to hear inspiring presentations, participate in educational workshops, and exchange knowledge and experiences that will help us further protect our natural heritage. This event demonstrates the power of collaboration and the importance of education in conserving biodiversity worldwide, \u2013 highlighted <strong>Margita Radman<\/strong>, Head of Education and Information&nbsp;Department. <\/p>\n\n\n\n<h2 class=\"wp-block-heading\" id=\"h-digitization-of-the-fig-collection-for-future-generations-and-knowledge-exchange-between-croatian-and-italian-partners\">Digitization of the fig collection for future generations and knowledge exchange between Croatian and Italian partners<\/h2>\n\n\n\n<p>At the conference, representatives from <strong>I giardini di Pomona<\/strong> presented their initiative to <strong>digitize the fig collection<\/strong>\u2014a crucial step in preserving the genetic heritage of this vital fruit. This activity has enabled the storage and protection of data on different fig varieties, contributing to the preservation of their biodiversity for future generations. Additionally, the <strong>Municipality of Larino<\/strong> <strong>shared its experiences from the <a href=\"https:\/\/sunce-st.org\/en\/projects\/vera-sustainable-agricultural-models-for-biodiversity-preservation\/what-natural-treasures-does-the-italian-molise-hide-we-discovered-the-answer-on-our-study-trip\/\" target=\"_blank\" rel=\"noreferrer noopener\">study visit of Croatian partners to Italy<\/a><\/strong>, where participants learned about sustainable agricultural practices and biodiversity protection models in Italy. <strong>Representatives from the organization Sunce shared their impressions from the <a href=\"https:\/\/sunce-st.org\/en\/news\/first-time-in-croatia-italian-students-learn-about-croatian-agricultural-practices\/\" target=\"_blank\" rel=\"noreferrer noopener\">Italian partners&#8217; study visit to Croatia<\/a><\/strong>, which further deepened knowledge on implementing sustainable agricultural models and exchanging best practices between participating countries.<\/p>\n\n\n\n<figure class=\"wp-block-gallery has-nested-images columns-default is-cropped wp-block-gallery-2 is-layout-flex wp-block-gallery-is-layout-flex\">\n<figure class=\"wp-block-image size-large\"><img loading=\"lazy\" decoding=\"async\" width=\"1024\" height=\"640\" data-id=\"28947\" src=\"https:\/\/sunce-st.org\/wp-content\/uploads\/2024\/12\/VERA_konferencija-5-1024x640.png\" alt=\"\" class=\"wp-image-28947\" srcset=\"https:\/\/sunce-st.org\/wp-content\/uploads\/2024\/12\/VERA_konferencija-5-1024x640.png 1024w, https:\/\/sunce-st.org\/wp-content\/uploads\/2024\/12\/VERA_konferencija-5-480x300.png 480w, https:\/\/sunce-st.org\/wp-content\/uploads\/2024\/12\/VERA_konferencija-5-768x480.png 768w, https:\/\/sunce-st.org\/wp-content\/uploads\/2024\/12\/VERA_konferencija-5-500x313.png 500w, https:\/\/sunce-st.org\/wp-content\/uploads\/2024\/12\/VERA_konferencija-5.png 1280w\" sizes=\"auto, (max-width: 1024px) 100vw, 1024px\" \/><figcaption class=\"wp-element-caption\">Presentations of the digital fig collection<\/figcaption><\/figure>\n<\/figure>\n\n\n\n<p>Students from <strong>Bra\u0107a Radi\u0107 High School<\/strong> in Ka\u0161tel \u0160tafili\u0107, led by <strong>Prof. Marijana Bjeli\u0161<\/strong>, and students from <strong>Istituto Tecnico San Padro<\/strong> in Larino actively participated in the project.<\/p>\n\n\n\n<p>\u2013 Through this project, we\u2019ve gained new friendships and learned so much about preserving agricultural heritage. The exchange of fig varieties was especially exciting\u2014we brought back five fig saplings from Italy and sent five from Croatia. We\u2019re proud to be part of such an important project and can\u2019t wait to see how our figs grow,\u2013  expressed <strong>Roko Szarva\u0161<\/strong>, a student from Bra\u0107a Radi\u0107 High School.<\/p>\n\n\n\n<h2 class=\"wp-block-heading\" id=\"h-education-on-biodiversity-as-the-foundation-for-its-preservation\">Education on biodiversity as the foundation for its preservation<\/h2>\n\n\n\n<p>Special attention was devoted to educating citizens, especially children. Various <strong>workshops for citizens, organized by<\/strong> <strong>Permaculture Dalmatia<\/strong>, and<strong> an <a href=\"https:\/\/sunce-st.org\/en\/activities\/environmental-education-and-sustainable-youth-development\/sadi-kompostiraj-i-uci-djeca-kao-cuvari-bioraznolikost\/\" target=\"_blank\" rel=\"noreferrer noopener\">educational program for elementary school students<\/a>, developed by Sunce<\/strong>, were presented during the project. <strong>Dr. Mila Buli\u0107<\/strong> from the <strong>Faculty of Humanities and Social Sciences in Split<\/strong> spoke about the perspectives on preserving biodiversity through student education. All educational programs included practical workshops, as children love getting their hands dirty\u2014a sentiment shared by all presenters and participants.<\/p>\n\n\n\n<p>\u2013 Through practical workshops, children not only learn about biodiversity but also develop an emotional connection with nature, which is the foundation for responsible environmental behavior in the future, \u2013 said <strong>Buli\u0107<\/strong>.<\/p>\n\n\n\n<figure class=\"wp-block-gallery has-nested-images columns-default is-cropped wp-block-gallery-3 is-layout-flex wp-block-gallery-is-layout-flex\">\n<figure class=\"wp-block-image size-large\"><img loading=\"lazy\" decoding=\"async\" width=\"1024\" height=\"640\" data-id=\"28953\" src=\"https:\/\/sunce-st.org\/wp-content\/uploads\/2024\/12\/VERA_konferencija-8-1024x640.png\" alt=\"\" class=\"wp-image-28953\" srcset=\"https:\/\/sunce-st.org\/wp-content\/uploads\/2024\/12\/VERA_konferencija-8-1024x640.png 1024w, https:\/\/sunce-st.org\/wp-content\/uploads\/2024\/12\/VERA_konferencija-8-480x300.png 480w, https:\/\/sunce-st.org\/wp-content\/uploads\/2024\/12\/VERA_konferencija-8-768x480.png 768w, https:\/\/sunce-st.org\/wp-content\/uploads\/2024\/12\/VERA_konferencija-8-500x313.png 500w, https:\/\/sunce-st.org\/wp-content\/uploads\/2024\/12\/VERA_konferencija-8.png 1280w\" sizes=\"auto, (max-width: 1024px) 100vw, 1024px\" \/><figcaption class=\"wp-element-caption\">Students from the Faculty of Science Split<\/figcaption><\/figure>\n\n\n\n<figure class=\"wp-block-image size-large\"><img loading=\"lazy\" decoding=\"async\" width=\"1024\" height=\"640\" data-id=\"28951\" src=\"https:\/\/sunce-st.org\/wp-content\/uploads\/2024\/12\/VERA_konferencija-7-1024x640.png\" alt=\"\" class=\"wp-image-28951\" srcset=\"https:\/\/sunce-st.org\/wp-content\/uploads\/2024\/12\/VERA_konferencija-7-1024x640.png 1024w, https:\/\/sunce-st.org\/wp-content\/uploads\/2024\/12\/VERA_konferencija-7-480x300.png 480w, https:\/\/sunce-st.org\/wp-content\/uploads\/2024\/12\/VERA_konferencija-7-768x480.png 768w, https:\/\/sunce-st.org\/wp-content\/uploads\/2024\/12\/VERA_konferencija-7-500x313.png 500w, https:\/\/sunce-st.org\/wp-content\/uploads\/2024\/12\/VERA_konferencija-7.png 1280w\" sizes=\"auto, (max-width: 1024px) 100vw, 1024px\" \/><figcaption class=\"wp-element-caption\">Students from the Faculty of Humanities and Social Sciences in Split <\/figcaption><\/figure>\n<\/figure>\n\n\n\n<p>At the conference, a <strong>Green Swap Fair<\/strong> and <strong>educational materials on biodiversity were presented<\/strong> at learning corners. For the Green SwapFair, conference participants brought gardening tools, seeds, plants, and gardening books to exchange for other useful items. At the booths, <strong>students from the Faculty of Humanities and Social Sciences and the Faculty of Science in Split<\/strong> showcased their methods of working with children and presented didactic materials. A section of the fair was dedicated to presenting the <strong><a href=\"https:\/\/sunce-st.org\/en\/projects\/desirmed-demonstration-and-mainstreaming-of-nature-based-solutions-for-climate-resilient-transformation-in-the-mediterranean\/\" target=\"_blank\" rel=\"noreferrer noopener\">DesirMED project<\/a><\/strong>, funded by the European Union, which aims to find nature-based sustainable solutions to address the challenges of climate change. During the event, promotional materials made from eco-friendly materials were distributed to visitors, encouraging outdoor activities for children and youth and integrating nature into daily life.<\/p>\n\n\n\n<figure class=\"wp-block-gallery has-nested-images columns-default is-cropped wp-block-gallery-4 is-layout-flex wp-block-gallery-is-layout-flex\">\n<figure class=\"wp-block-image size-large\"><img loading=\"lazy\" decoding=\"async\" width=\"1024\" height=\"640\" data-id=\"28957\" src=\"https:\/\/sunce-st.org\/wp-content\/uploads\/2024\/12\/VERA_konferencija-10-1024x640.png\" alt=\"\" class=\"wp-image-28957\" srcset=\"https:\/\/sunce-st.org\/wp-content\/uploads\/2024\/12\/VERA_konferencija-10-1024x640.png 1024w, https:\/\/sunce-st.org\/wp-content\/uploads\/2024\/12\/VERA_konferencija-10-480x300.png 480w, https:\/\/sunce-st.org\/wp-content\/uploads\/2024\/12\/VERA_konferencija-10-768x480.png 768w, https:\/\/sunce-st.org\/wp-content\/uploads\/2024\/12\/VERA_konferencija-10-500x313.png 500w, https:\/\/sunce-st.org\/wp-content\/uploads\/2024\/12\/VERA_konferencija-10.png 1280w\" sizes=\"auto, (max-width: 1024px) 100vw, 1024px\" \/><figcaption class=\"wp-element-caption\">Green Swap Fair<\/figcaption><\/figure>\n\n\n\n<figure class=\"wp-block-image size-large\"><img loading=\"lazy\" decoding=\"async\" width=\"1024\" height=\"640\" data-id=\"28959\" src=\"https:\/\/sunce-st.org\/wp-content\/uploads\/2024\/12\/VERA_konferencija-11-1024x640.png\" alt=\"\" class=\"wp-image-28959\" srcset=\"https:\/\/sunce-st.org\/wp-content\/uploads\/2024\/12\/VERA_konferencija-11-1024x640.png 1024w, https:\/\/sunce-st.org\/wp-content\/uploads\/2024\/12\/VERA_konferencija-11-480x300.png 480w, https:\/\/sunce-st.org\/wp-content\/uploads\/2024\/12\/VERA_konferencija-11-768x480.png 768w, https:\/\/sunce-st.org\/wp-content\/uploads\/2024\/12\/VERA_konferencija-11-500x313.png 500w, https:\/\/sunce-st.org\/wp-content\/uploads\/2024\/12\/VERA_konferencija-11.png 1280w\" sizes=\"auto, (max-width: 1024px) 100vw, 1024px\" \/><figcaption class=\"wp-element-caption\">DesirMED promotional material for participants<\/figcaption><\/figure>\n<\/figure>\n\n\n\n<h2 class=\"wp-block-heading\" id=\"h-final-thoughts-cross-adriatic-cooperation-as-the-key-to-preserving-biodiversity\">Final thoughts: cross-Adriatic cooperation as the key to preserving biodiversity<\/h2>\n\n\n\n<p>The conference concluded with a call for continued cooperation and further steps toward sustainable development. After the official program, participants enjoyed a <strong>sustainable city tour<\/strong> of Split, learning about the city\u2019s rich history and heritage.<\/p>\n\n\n\n<figure class=\"wp-block-gallery has-nested-images columns-default is-cropped wp-block-gallery-5 is-layout-flex wp-block-gallery-is-layout-flex\">\n<figure class=\"wp-block-image size-large\"><img loading=\"lazy\" decoding=\"async\" width=\"1024\" height=\"640\" data-id=\"28963\" src=\"https:\/\/sunce-st.org\/wp-content\/uploads\/2024\/12\/VERA_konferencija-13-1024x640.png\" alt=\"\" class=\"wp-image-28963\" srcset=\"https:\/\/sunce-st.org\/wp-content\/uploads\/2024\/12\/VERA_konferencija-13-1024x640.png 1024w, https:\/\/sunce-st.org\/wp-content\/uploads\/2024\/12\/VERA_konferencija-13-480x300.png 480w, https:\/\/sunce-st.org\/wp-content\/uploads\/2024\/12\/VERA_konferencija-13-768x480.png 768w, https:\/\/sunce-st.org\/wp-content\/uploads\/2024\/12\/VERA_konferencija-13-500x313.png 500w, https:\/\/sunce-st.org\/wp-content\/uploads\/2024\/12\/VERA_konferencija-13.png 1280w\" sizes=\"auto, (max-width: 1024px) 100vw, 1024px\" \/><figcaption class=\"wp-element-caption\">Sustainable city tour<\/figcaption><\/figure>\n<\/figure>\n\n\n\n<p>The morning after the conference, before bidding farewell to the Italian partners, <strong>Permaculture Dalmatia<\/strong> organized a visit to Croatia\u2019s only school botanical garden\u2014located at <strong>Ostrog Elementary School<\/strong> in <strong>Ka\u0161tel Luk\u0161i\u0107<\/strong>. Visitors marveled at a rich collection of approximately 1,000 plant varieties from around the world, as well as an olive grove with traditional olive varieties. To round off the experience, a visit to the <strong>Kairos Winery<\/strong> showcased grape varieties and the renowned Crljenak wine, a Dalmatian wine with a global reputation.<\/p>\n\n\n\n<figure class=\"wp-block-gallery has-nested-images columns-default is-cropped wp-block-gallery-6 is-layout-flex wp-block-gallery-is-layout-flex\">\n<figure class=\"wp-block-image size-large\"><img loading=\"lazy\" decoding=\"async\" width=\"600\" height=\"800\" data-id=\"28943\" src=\"https:\/\/sunce-st.org\/wp-content\/uploads\/2024\/12\/VERA_konferencija-3.png\" alt=\"\" class=\"wp-image-28943\" srcset=\"https:\/\/sunce-st.org\/wp-content\/uploads\/2024\/12\/VERA_konferencija-3.png 600w, https:\/\/sunce-st.org\/wp-content\/uploads\/2024\/12\/VERA_konferencija-3-225x300.png 225w, https:\/\/sunce-st.org\/wp-content\/uploads\/2024\/12\/VERA_konferencija-3-500x667.png 500w\" sizes=\"auto, (max-width: 600px) 100vw, 600px\" \/><figcaption class=\"wp-element-caption\">Olive garden at Ostrog Elementary School<\/figcaption><\/figure>\n\n\n\n<figure class=\"wp-block-image size-large\"><img loading=\"lazy\" decoding=\"async\" width=\"600\" height=\"800\" data-id=\"28941\" src=\"https:\/\/sunce-st.org\/wp-content\/uploads\/2024\/12\/VERA_konferencija-2.png\" alt=\"\" class=\"wp-image-28941\" srcset=\"https:\/\/sunce-st.org\/wp-content\/uploads\/2024\/12\/VERA_konferencija-2.png 600w, https:\/\/sunce-st.org\/wp-content\/uploads\/2024\/12\/VERA_konferencija-2-225x300.png 225w, https:\/\/sunce-st.org\/wp-content\/uploads\/2024\/12\/VERA_konferencija-2-500x667.png 500w\" sizes=\"auto, (max-width: 600px) 100vw, 600px\" \/><\/figure>\n\n\n\n<figure class=\"wp-block-image size-large\"><img loading=\"lazy\" decoding=\"async\" width=\"600\" height=\"800\" data-id=\"28939\" src=\"https:\/\/sunce-st.org\/wp-content\/uploads\/2024\/12\/VERA_konferencija-1.png\" alt=\"\" class=\"wp-image-28939\" srcset=\"https:\/\/sunce-st.org\/wp-content\/uploads\/2024\/12\/VERA_konferencija-1.png 600w, https:\/\/sunce-st.org\/wp-content\/uploads\/2024\/12\/VERA_konferencija-1-225x300.png 225w, https:\/\/sunce-st.org\/wp-content\/uploads\/2024\/12\/VERA_konferencija-1-500x667.png 500w\" sizes=\"auto, (max-width: 600px) 100vw, 600px\" \/><figcaption class=\"wp-element-caption\">Kairos Winery<\/figcaption><\/figure>\n<\/figure>\n\n\n\n<p>\u2013 The VERA project, co-financed by the European Union through the Interreg program, has demonstrated how cross-border cooperation can deliver tangible results in preserving biodiversity and advancing sustainable agricultural practices, \u2013 concluded Radman.<\/p>\n\n\n\n<figure class=\"wp-block-image size-large\"><img loading=\"lazy\" decoding=\"async\" width=\"1024\" height=\"341\" src=\"https:\/\/sunce-st.org\/wp-content\/uploads\/2024\/06\/interreg-bolja-verzija-6-1024x341.jpg\" alt=\"interreg-ured-za-udruge-vera\" class=\"wp-image-26646\" srcset=\"https:\/\/sunce-st.org\/wp-content\/uploads\/2024\/06\/interreg-bolja-verzija-6-1024x341.jpg 1024w, https:\/\/sunce-st.org\/wp-content\/uploads\/2024\/06\/interreg-bolja-verzija-6-760x253.jpg 760w, https:\/\/sunce-st.org\/wp-content\/uploads\/2024\/06\/interreg-bolja-verzija-6-768x256.jpg 768w, https:\/\/sunce-st.org\/wp-content\/uploads\/2024\/06\/interreg-bolja-verzija-6-500x167.jpg 500w, https:\/\/sunce-st.org\/wp-content\/uploads\/2024\/06\/interreg-bolja-verzija-6.jpg 1200w\" sizes=\"auto, (max-width: 1024px) 100vw, 1024px\" \/><\/figure>\n","protected":false},"excerpt":{"rendered":"<p>The final conference of the VERA project \u2013 Sustainable agricultural models for biodiversity preservation was held, bringing together experts and enthusiasts from Croatia and Italy. <\/p>\n","protected":false},"author":9,"featured_media":28946,"comment_status":"open","ping_status":"open","sticky":false,"template":"","format":"standard","meta":{"_acf_changed":false,"footnotes":""},"categories":[1077,5],"tags":[1085],"class_list":["post-28968","post","type-post","status-publish","format-standard","has-post-thumbnail","hentry","category-vera-sustainable-agricultural-models-for-biodiversity-preservation","category-news","tag-vera"],"acf":[],"_links":{"self":[{"href":"https:\/\/sunce-st.org\/en\/wp-json\/wp\/v2\/posts\/28968","targetHints":{"allow":["GET"]}}],"collection":[{"href":"https:\/\/sunce-st.org\/en\/wp-json\/wp\/v2\/posts"}],"about":[{"href":"https:\/\/sunce-st.org\/en\/wp-json\/wp\/v2\/types\/post"}],"author":[{"embeddable":true,"href":"https:\/\/sunce-st.org\/en\/wp-json\/wp\/v2\/users\/9"}],"replies":[{"embeddable":true,"href":"https:\/\/sunce-st.org\/en\/wp-json\/wp\/v2\/comments?post=28968"}],"version-history":[{"count":4,"href":"https:\/\/sunce-st.org\/en\/wp-json\/wp\/v2\/posts\/28968\/revisions"}],"predecessor-version":[{"id":30171,"href":"https:\/\/sunce-st.org\/en\/wp-json\/wp\/v2\/posts\/28968\/revisions\/30171"}],"wp:featuredmedia":[{"embeddable":true,"href":"https:\/\/sunce-st.org\/en\/wp-json\/wp\/v2\/media\/28946"}],"wp:attachment":[{"href":"https:\/\/sunce-st.org\/en\/wp-json\/wp\/v2\/media?parent=28968"}],"wp:term":[{"taxonomy":"category","embeddable":true,"href":"https:\/\/sunce-st.org\/en\/wp-json\/wp\/v2\/categories?post=28968"},{"taxonomy":"post_tag","embeddable":true,"href":"https:\/\/sunce-st.org\/en\/wp-json\/wp\/v2\/tags?post=28968"}],"curies":[{"name":"wp","href":"https:\/\/api.w.org\/{rel}","templated":true}]}}