{"id":28698,"date":"2024-11-14T14:38:24","date_gmt":"2024-11-14T13:38:24","guid":{"rendered":"https:\/\/sunce-st.org\/news\/kljucna-rjesenja-za-morski-otpad-u-jadranskom-moru-marine-litter-free-tides-of-change\/"},"modified":"2026-03-06T10:47:30","modified_gmt":"2026-03-06T09:47:30","slug":"kljucna-rjesenja-za-morski-otpad-u-jadranskom-moru-marine-litter-free-tides-of-change","status":"publish","type":"post","link":"https:\/\/sunce-st.org\/en\/news\/kljucna-rjesenja-za-morski-otpad-u-jadranskom-moru-marine-litter-free-tides-of-change\/","title":{"rendered":"Key solutions for marine litter in the Adriatic Sea: Marine Litter-Free Tides of Change"},"content":{"rendered":"\n<p>Are you engaged with the sea? Live from It? Or simply passionate about its endless blue depths? An increasing amount of marine litter is floating in the Adriatic, and plastic pollution is endangering the life of the Adriatic Sea and its shores. To seek solutions to this serious issue, experts from Croatia and Italy, representatives from institutions, NGOs, and youth gathered <strong>in Split from November 4\u20136 <\/strong>for the three-day <strong>Marine Litter-Free Tides of Change conference<\/strong>. Their goal was clear: showcase best practices and design joint solutions to restore and protect the beautiful but increasingly vulnerable ecosystem of the Adriatic Sea from further marine litter pollution.<\/p>\n\n\n\n<h2 class=\"wp-block-heading\" id=\"h-preventing-waste-as-a-solution\">Preventing waste as a solution<\/h2>\n\n\n\n<p>The Marine Litter-Free Tides of Change conference, organized by the Sunce Association, was marked by inspiring words from <strong>Sunce\u2019s Director, Gabrijela Meduni\u0107-Orli\u0107<\/strong>:<\/p>\n\n\n\n<p>\u2013 When you really open your eyes and look around, the situation in both the sea and on land is quite bad, and joint efforts are needed to solve the problem. The key lies in waste management, and at this conference, we focused on the first priority\u2014waste prevention. Achieving this goal is tough, as evident from events in Split filled with single-use products. Much more needs to be said about waste prevention, and much effort is required to influence citizens, youth, and local institutions. It\u2019s up to us to change things, whether individually or through institutions, \u2013 stated <strong>Meduni\u0107-Orli\u0107<\/strong>.<\/p>\n\n\n<div class=\"wp-block-image\">\n<figure class=\"aligncenter size-large\"><img loading=\"lazy\" decoding=\"async\" width=\"1024\" height=\"640\" src=\"https:\/\/sunce-st.org\/wp-content\/uploads\/2024\/11\/MLFREE_konferencija-20-1024x640.png\" alt=\"Gabrijela Mednui\u0107 Orli\u0107\" class=\"wp-image-28663\" srcset=\"https:\/\/sunce-st.org\/wp-content\/uploads\/2024\/11\/MLFREE_konferencija-20-1024x640.png 1024w, https:\/\/sunce-st.org\/wp-content\/uploads\/2024\/11\/MLFREE_konferencija-20-480x300.png 480w, https:\/\/sunce-st.org\/wp-content\/uploads\/2024\/11\/MLFREE_konferencija-20-768x480.png 768w, https:\/\/sunce-st.org\/wp-content\/uploads\/2024\/11\/MLFREE_konferencija-20-500x313.png 500w, https:\/\/sunce-st.org\/wp-content\/uploads\/2024\/11\/MLFREE_konferencija-20.png 1280w\" sizes=\"auto, (max-width: 1024px) 100vw, 1024px\" \/><figcaption class=\"wp-element-caption\">Gabrijela Meduni\u0107 Orli\u0107, Sunce\u2019s Executive Director<\/figcaption><\/figure>\n<\/div>\n\n\n<h2 class=\"wp-block-heading\" id=\"h-can-split-host-public-events-without-single-use-plastic\">Can Split host public events without single-use plastic?<\/h2>\n\n\n\n<p>Recently, the City of Split banned single-use plastic from its council meetings, which is a positive step, according to <strong>Danijela \u0160egvi\u0107<\/strong>, <strong>head of the City of Split\u2019s Environmental Protection Department<\/strong>, who emphasized the importance of green policies.<\/p>\n\n\n\n<p>\u2013 Split wants to be a green city. Faced with the problem of single-use plastic, it\u2019s crucial to reduce its use through the adoption of new technologies, policy development, education, and raising awareness, \u2013 said <strong>\u0160egvi\u0107<\/strong>.<\/p>\n\n\n<div class=\"wp-block-image\">\n<figure class=\"aligncenter size-large\"><img loading=\"lazy\" decoding=\"async\" width=\"1024\" height=\"640\" src=\"https:\/\/sunce-st.org\/wp-content\/uploads\/2024\/11\/MLFREE_konferencija-21-1024x640.png\" alt=\"Danijela \u0160egvi\u0107\" class=\"wp-image-28659\" srcset=\"https:\/\/sunce-st.org\/wp-content\/uploads\/2024\/11\/MLFREE_konferencija-21-1024x640.png 1024w, https:\/\/sunce-st.org\/wp-content\/uploads\/2024\/11\/MLFREE_konferencija-21-480x300.png 480w, https:\/\/sunce-st.org\/wp-content\/uploads\/2024\/11\/MLFREE_konferencija-21-768x480.png 768w, https:\/\/sunce-st.org\/wp-content\/uploads\/2024\/11\/MLFREE_konferencija-21-500x313.png 500w, https:\/\/sunce-st.org\/wp-content\/uploads\/2024\/11\/MLFREE_konferencija-21.png 1280w\" sizes=\"auto, (max-width: 1024px) 100vw, 1024px\" \/><figcaption class=\"wp-element-caption\">Danijela \u0160egvi\u0107, head of the City of Split\u2019s Environmental Protection Department<\/figcaption><\/figure>\n<\/div>\n\n\n<p>Sunce supports these efforts and hopes that this year\u2019s Split Advent season will finally set an example of best practices.<\/p>\n\n\n\n<p>\u2013 Although single-use plastic was prohibited in the tenders last year, the Advent event was still full of single-use plastic and paper waste. Citizens reported breaches of the SUP Directive from across Split\u2019s Advent and summer events, and the Ministry was informed about all of it. We sincerely hope we won\u2019t have to monitor the same thing this year, \u2013 emphasized&nbsp;<strong>Tea<\/strong> <strong>Kuzmi\u010di\u0107 Rosandi\u0107<\/strong> the project manager of the&nbsp;<a href=\"https:\/\/sunce-st.org\/en\/projects\/ml-free-marine-litter-free-adriatic-sea-education-for-active-youth-participation\/\" target=\"_blank\" rel=\"noreferrer noopener\">ML-FREE<\/a> Interreg project, under which this conference was organized along with the&nbsp;<a href=\"https:\/\/sunce-st.org\/en\/projects\/plastic-free-croatian-island\/\" target=\"_blank\" rel=\"noreferrer noopener\">Plastic-Free Croatian Island<\/a> project.<\/p>\n\n\n\n<figure class=\"wp-block-gallery has-nested-images columns-default is-cropped wp-block-gallery-1 is-layout-flex wp-block-gallery-is-layout-flex\">\n<figure class=\"wp-block-image size-large\"><img loading=\"lazy\" decoding=\"async\" width=\"600\" height=\"800\" data-id=\"28661\" src=\"https:\/\/sunce-st.org\/wp-content\/uploads\/2024\/11\/MLFREE_konferencija-1.png\" alt=\"Tea Kuzmi\u010di\u0107 Rosandi\u0107\" class=\"wp-image-28661\" srcset=\"https:\/\/sunce-st.org\/wp-content\/uploads\/2024\/11\/MLFREE_konferencija-1.png 600w, https:\/\/sunce-st.org\/wp-content\/uploads\/2024\/11\/MLFREE_konferencija-1-225x300.png 225w, https:\/\/sunce-st.org\/wp-content\/uploads\/2024\/11\/MLFREE_konferencija-1-500x667.png 500w\" sizes=\"auto, (max-width: 600px) 100vw, 600px\" \/><figcaption class=\"wp-element-caption\">Tea Kuzmi\u010di\u0107 Rosandi\u0107, manager of the&nbsp;ML-FREE project<\/figcaption><\/figure>\n\n\n\n<figure class=\"wp-block-image size-large\"><img loading=\"lazy\" decoding=\"async\" width=\"600\" height=\"800\" data-id=\"28684\" src=\"https:\/\/sunce-st.org\/wp-content\/uploads\/2024\/11\/MLFREE_konferencija-2.png\" alt=\"jednokratna ambala\u017ena javna doga\u0111anja\" class=\"wp-image-28684\" srcset=\"https:\/\/sunce-st.org\/wp-content\/uploads\/2024\/11\/MLFREE_konferencija-2.png 600w, https:\/\/sunce-st.org\/wp-content\/uploads\/2024\/11\/MLFREE_konferencija-2-225x300.png 225w, https:\/\/sunce-st.org\/wp-content\/uploads\/2024\/11\/MLFREE_konferencija-2-500x667.png 500w\" sizes=\"auto, (max-width: 600px) 100vw, 600px\" \/><figcaption class=\"wp-element-caption\">Singe-use products on Split&#8217;s public events<\/figcaption><\/figure>\n\n\n\n<figure class=\"wp-block-image size-large\"><img loading=\"lazy\" decoding=\"async\" width=\"600\" height=\"800\" data-id=\"28667\" src=\"https:\/\/sunce-st.org\/wp-content\/uploads\/2024\/11\/MLFREE_konferencija-3.png\" alt=\"jednokratna ambala\u017ena javna doga\u0111anja\" class=\"wp-image-28667\" srcset=\"https:\/\/sunce-st.org\/wp-content\/uploads\/2024\/11\/MLFREE_konferencija-3.png 600w, https:\/\/sunce-st.org\/wp-content\/uploads\/2024\/11\/MLFREE_konferencija-3-225x300.png 225w, https:\/\/sunce-st.org\/wp-content\/uploads\/2024\/11\/MLFREE_konferencija-3-500x667.png 500w\" sizes=\"auto, (max-width: 600px) 100vw, 600px\" \/><figcaption class=\"wp-element-caption\">Singe-use products on Split&#8217;s public events<\/figcaption><\/figure>\n<\/figure>\n\n\n\n<p>Participants in the Marine Litter-Free Tides of Change conference, organized by Sunce, had the opportunity to hear a series of extremely useful presentations. The program began with introductory presentations on the Interreg program, the Dalmatian Islands Environment Foundation (DIEF), and the ML-FREE and Plastic-Free Croatian Island projects.<\/p>\n\n\n\n<p>During the first session, <strong>Fr\u00e9d\u00e9rique Mongodin from the Seas at Risk network<\/strong> discussed the poor implementation of the SUP Directive in Croatia and the European Union, while <strong>Ana \u017dmire from Croatia\u2019s Ministry of Environmental Protection and Green Transition<\/strong> outlined ambitious implementation deadlines. The real situation regarding the SUP Directive\u2019s implementation, or lack thereof, was illustrated by an analysis of single-use plastic usage in the tourism sector on Dugi Otok. <strong>Karin Dubsky from Ireland\u2019s Coastwatch <\/strong>shared similar but inspiring experiences of citizen science monitoring of the directive\u2019s enforcement in Ireland.<\/p>\n\n\n\n<figure class=\"wp-block-gallery has-nested-images columns-default is-cropped wp-block-gallery-2 is-layout-flex wp-block-gallery-is-layout-flex\">\n<figure class=\"wp-block-image size-large\"><img loading=\"lazy\" decoding=\"async\" width=\"600\" height=\"800\" data-id=\"28687\" src=\"https:\/\/sunce-st.org\/wp-content\/uploads\/2024\/11\/MLFREE_konferencija-4.png\" alt=\"Federique Mogodin\" class=\"wp-image-28687\" srcset=\"https:\/\/sunce-st.org\/wp-content\/uploads\/2024\/11\/MLFREE_konferencija-4.png 600w, https:\/\/sunce-st.org\/wp-content\/uploads\/2024\/11\/MLFREE_konferencija-4-225x300.png 225w, https:\/\/sunce-st.org\/wp-content\/uploads\/2024\/11\/MLFREE_konferencija-4-500x667.png 500w\" sizes=\"auto, (max-width: 600px) 100vw, 600px\" \/><figcaption class=\"wp-element-caption\">Fr\u00e9d\u00e9rique Mongodin, Seas at Risk<\/figcaption><\/figure>\n\n\n\n<figure class=\"wp-block-image size-large\"><img loading=\"lazy\" decoding=\"async\" width=\"600\" height=\"800\" data-id=\"28669\" src=\"https:\/\/sunce-st.org\/wp-content\/uploads\/2024\/11\/MLFREE_konferencija-5.png\" alt=\"Karin Coastwatch Irska\" class=\"wp-image-28669\" srcset=\"https:\/\/sunce-st.org\/wp-content\/uploads\/2024\/11\/MLFREE_konferencija-5.png 600w, https:\/\/sunce-st.org\/wp-content\/uploads\/2024\/11\/MLFREE_konferencija-5-225x300.png 225w, https:\/\/sunce-st.org\/wp-content\/uploads\/2024\/11\/MLFREE_konferencija-5-500x667.png 500w\" sizes=\"auto, (max-width: 600px) 100vw, 600px\" \/><figcaption class=\"wp-element-caption\">Karin Dubsky, Coastwatch<\/figcaption><\/figure>\n<\/figure>\n\n\n\n<h2 class=\"wp-block-heading\" id=\"h-addressing-marine-litter-why-action-matters-now\">Addressing marine litter: why action matters now<\/h2>\n\n\n\n<p>In a session dedicated to marine litter, <strong>PhD Pero Tutman from the Institute of Oceanography and Fisheries <\/strong>provided insights into marine litter issues in the Adriatic, while <strong>PhD Mirta Smodlaka Tankovi\u0107 from the Ru\u0111er Bo\u0161kovi\u0107 Institute<\/strong> spoke about the concerning impact of microplastics. <strong>Matea Tara\u0161 from Sunce<\/strong> presented data analyses collected during clean-up campaigns, and <strong>Sylvain Petit from SMILO<\/strong> shared experiences from the Remedies project on small islands in the EU-Med region. <strong>Marjan \u017ditnik from Maritimo Recycling<\/strong> introduced innovative machines and products made entirely from marine litter, and <strong>Dejan Kosi\u0107 from the Association Obala<\/strong> also presented solutions.<\/p>\n\n\n\n<figure class=\"wp-block-gallery has-nested-images columns-default is-cropped wp-block-gallery-3 is-layout-flex wp-block-gallery-is-layout-flex\">\n<figure class=\"wp-block-image size-large\"><img loading=\"lazy\" decoding=\"async\" width=\"1024\" height=\"640\" data-id=\"28683\" src=\"https:\/\/sunce-st.org\/wp-content\/uploads\/2024\/11\/MLFREE_konferencija-13-1024x640.png\" alt=\"\" class=\"wp-image-28683\" srcset=\"https:\/\/sunce-st.org\/wp-content\/uploads\/2024\/11\/MLFREE_konferencija-13-1024x640.png 1024w, https:\/\/sunce-st.org\/wp-content\/uploads\/2024\/11\/MLFREE_konferencija-13-480x300.png 480w, https:\/\/sunce-st.org\/wp-content\/uploads\/2024\/11\/MLFREE_konferencija-13-768x480.png 768w, https:\/\/sunce-st.org\/wp-content\/uploads\/2024\/11\/MLFREE_konferencija-13-500x313.png 500w, https:\/\/sunce-st.org\/wp-content\/uploads\/2024\/11\/MLFREE_konferencija-13.png 1280w\" sizes=\"auto, (max-width: 1024px) 100vw, 1024px\" \/><figcaption class=\"wp-element-caption\">PhD Pero Tutman, Institute of Oceanography and Fisheries<\/figcaption><\/figure>\n\n\n\n<figure class=\"wp-block-image size-large\"><img loading=\"lazy\" decoding=\"async\" width=\"1024\" height=\"640\" data-id=\"28677\" src=\"https:\/\/sunce-st.org\/wp-content\/uploads\/2024\/11\/MLFREE_konferencija-12-1024x640.png\" alt=\"\" class=\"wp-image-28677\" srcset=\"https:\/\/sunce-st.org\/wp-content\/uploads\/2024\/11\/MLFREE_konferencija-12-1024x640.png 1024w, https:\/\/sunce-st.org\/wp-content\/uploads\/2024\/11\/MLFREE_konferencija-12-480x300.png 480w, https:\/\/sunce-st.org\/wp-content\/uploads\/2024\/11\/MLFREE_konferencija-12-768x480.png 768w, https:\/\/sunce-st.org\/wp-content\/uploads\/2024\/11\/MLFREE_konferencija-12-500x313.png 500w, https:\/\/sunce-st.org\/wp-content\/uploads\/2024\/11\/MLFREE_konferencija-12.png 1280w\" sizes=\"auto, (max-width: 1024px) 100vw, 1024px\" \/><figcaption class=\"wp-element-caption\">Matea Tara\u0161, Sunce<\/figcaption><\/figure>\n<\/figure>\n\n\n\n<figure class=\"wp-block-gallery has-nested-images columns-default is-cropped wp-block-gallery-4 is-layout-flex wp-block-gallery-is-layout-flex\">\n<figure class=\"wp-block-image size-large\"><img loading=\"lazy\" decoding=\"async\" width=\"600\" height=\"800\" data-id=\"28676\" src=\"https:\/\/sunce-st.org\/wp-content\/uploads\/2024\/11\/MLFREE_konferencija-6.png\" alt=\"\" class=\"wp-image-28676\" srcset=\"https:\/\/sunce-st.org\/wp-content\/uploads\/2024\/11\/MLFREE_konferencija-6.png 600w, https:\/\/sunce-st.org\/wp-content\/uploads\/2024\/11\/MLFREE_konferencija-6-225x300.png 225w, https:\/\/sunce-st.org\/wp-content\/uploads\/2024\/11\/MLFREE_konferencija-6-500x667.png 500w\" sizes=\"auto, (max-width: 600px) 100vw, 600px\" \/><figcaption class=\"wp-element-caption\">Sylvain Petit, SMILO<\/figcaption><\/figure>\n\n\n\n<figure class=\"wp-block-image size-large\"><img loading=\"lazy\" decoding=\"async\" width=\"600\" height=\"800\" data-id=\"28694\" src=\"https:\/\/sunce-st.org\/wp-content\/uploads\/2024\/11\/MLFREE_konferencija-7.png\" alt=\"\" class=\"wp-image-28694\" srcset=\"https:\/\/sunce-st.org\/wp-content\/uploads\/2024\/11\/MLFREE_konferencija-7.png 600w, https:\/\/sunce-st.org\/wp-content\/uploads\/2024\/11\/MLFREE_konferencija-7-225x300.png 225w, https:\/\/sunce-st.org\/wp-content\/uploads\/2024\/11\/MLFREE_konferencija-7-500x667.png 500w\" sizes=\"auto, (max-width: 600px) 100vw, 600px\" \/><figcaption class=\"wp-element-caption\">Marjan \u017ditnik, Maritimo Recycling<\/figcaption><\/figure>\n\n\n\n<figure class=\"wp-block-image size-large\"><img loading=\"lazy\" decoding=\"async\" width=\"600\" height=\"800\" data-id=\"28693\" src=\"https:\/\/sunce-st.org\/wp-content\/uploads\/2024\/11\/MLFREE_konferencija-8.png\" alt=\"\" class=\"wp-image-28693\" srcset=\"https:\/\/sunce-st.org\/wp-content\/uploads\/2024\/11\/MLFREE_konferencija-8.png 600w, https:\/\/sunce-st.org\/wp-content\/uploads\/2024\/11\/MLFREE_konferencija-8-225x300.png 225w, https:\/\/sunce-st.org\/wp-content\/uploads\/2024\/11\/MLFREE_konferencija-8-500x667.png 500w\" sizes=\"auto, (max-width: 600px) 100vw, 600px\" \/><figcaption class=\"wp-element-caption\">Dejan Kosi\u0107, Association Obala<\/figcaption><\/figure>\n<\/figure>\n\n\n\n<p>You can watch all these lectures on recordings available on the <a href=\"https:\/\/www.facebook.com\/@udruga.sunce.split\/\" target=\"_blank\" rel=\"noreferrer noopener\">Sunce association&#8217;s Facebook<\/a> Live channel.<\/p>\n\n\n\n<p>Panelists in the session Importance of Multi-Sector and International Cooperation for Addressing Marine Litter, including Pero Tutman, Sylvain Petit, Fr\u00e9d\u00e9rique Mongodin, Dejan Kosi\u0107, Valentina Andri\u0107 from the Ministry of Agriculture\u2019s Fisheries Administration, and Marin Mileti\u0107 from the Interreg Joint Secretariat, agreed on the need for better collaboration and understanding of this issue.<\/p>\n\n\n<div class=\"wp-block-image\">\n<figure class=\"aligncenter size-full\"><img loading=\"lazy\" decoding=\"async\" width=\"1280\" height=\"800\" src=\"https:\/\/sunce-st.org\/wp-content\/uploads\/2024\/11\/MLFREE_konferencija-14.png\" alt=\"\" class=\"wp-image-28657\" srcset=\"https:\/\/sunce-st.org\/wp-content\/uploads\/2024\/11\/MLFREE_konferencija-14.png 1280w, https:\/\/sunce-st.org\/wp-content\/uploads\/2024\/11\/MLFREE_konferencija-14-480x300.png 480w\" sizes=\"auto, (max-width: 1280px) 100vw, 1280px\" \/><figcaption class=\"wp-element-caption\">Panel-session Importance of Multi-Sector and International Cooperation for Addressing Marine Litter<\/figcaption><\/figure>\n<\/div>\n\n\n<p>A key takeaway from the panel was the importance of tracking and documenting all beach clean-up activities. It was recommended that <strong>all data on beach clean-ups be entered into the system of the Institute of Oceanography and Fisheries and the EU platform<\/strong> to precisely track types of marine litter. This will enable a better understanding of specific marine litter issues and create a foundation for advocating legislative change.<\/p>\n\n\n\n<h2 class=\"wp-block-heading\" id=\"h-education-and-youth-engagement-for-marine-conservation\">Education and youth engagement for marine conservation<\/h2>\n\n\n\n<p>The second part of the conference focused on youth and their role in environmental conservation. The ML-FREE project, co-funded by the EU within the Interreg cross-border cooperation program Italy-Croatia, aims to address the pressing issue of marine litter, particularly plastic pollution, in the Adriatic Sea. Tea Kuzmi\u010di\u0107 Rosandi\u0107 from Sunce presented an educational program developed under the ML-FREE project, followed by <strong>Anita Kru\u017ei\u010devi\u0107 from the Split School of Economics and Administration<\/strong> and <strong>Federica Appiotti from Venice\u2019s IIS Marco Polo-Liceo Artistico<\/strong>, who shared their schools\u2019 experiences with the project.<\/p>\n\n\n\n<p>\u2013 I was especially impressed by the statement of one of our students, <em>will our beaches be plastic instead of sandy in a hundred years<\/em>? \u2013 said <strong>Kru\u017ei\u010devi\u0107<\/strong>.<\/p>\n\n\n\n<p>\u2013 Focusing on education and engagement of young people, we strive to encourage a sustainable society that actively participates in the preservation of the marine ecosystem, \u2013 said&nbsp;<strong>Kuzmi\u010di\u0107 Rosandi\u0107<\/strong>.<\/p>\n\n\n\n<p><strong>Lovorka Ba\u010di\u0107 from the Center for Peace Studies<\/strong> presented the <strong>SKOCKANO <\/strong>quality assurance system for educational programs, which ensures high standards in non-formal education and guarantees the long-term impact of educational activities.<\/p>\n\n\n\n<figure class=\"wp-block-gallery has-nested-images columns-default is-cropped wp-block-gallery-5 is-layout-flex wp-block-gallery-is-layout-flex\">\n<figure class=\"wp-block-image size-large\"><img loading=\"lazy\" decoding=\"async\" width=\"1024\" height=\"640\" data-id=\"28672\" src=\"https:\/\/sunce-st.org\/wp-content\/uploads\/2024\/11\/MLFREE_konferencija-18-1024x640.png\" alt=\"\" class=\"wp-image-28672\" srcset=\"https:\/\/sunce-st.org\/wp-content\/uploads\/2024\/11\/MLFREE_konferencija-18-1024x640.png 1024w, https:\/\/sunce-st.org\/wp-content\/uploads\/2024\/11\/MLFREE_konferencija-18-480x300.png 480w, https:\/\/sunce-st.org\/wp-content\/uploads\/2024\/11\/MLFREE_konferencija-18-768x480.png 768w, https:\/\/sunce-st.org\/wp-content\/uploads\/2024\/11\/MLFREE_konferencija-18-500x313.png 500w, https:\/\/sunce-st.org\/wp-content\/uploads\/2024\/11\/MLFREE_konferencija-18.png 1280w\" sizes=\"auto, (max-width: 1024px) 100vw, 1024px\" \/><\/figure>\n\n\n\n<figure class=\"wp-block-image size-large\"><img loading=\"lazy\" decoding=\"async\" width=\"1024\" height=\"640\" data-id=\"28671\" src=\"https:\/\/sunce-st.org\/wp-content\/uploads\/2024\/11\/MLFREE_konferencija-19-1024x640.png\" alt=\"\" class=\"wp-image-28671\" srcset=\"https:\/\/sunce-st.org\/wp-content\/uploads\/2024\/11\/MLFREE_konferencija-19-1024x640.png 1024w, https:\/\/sunce-st.org\/wp-content\/uploads\/2024\/11\/MLFREE_konferencija-19-480x300.png 480w, https:\/\/sunce-st.org\/wp-content\/uploads\/2024\/11\/MLFREE_konferencija-19-768x480.png 768w, https:\/\/sunce-st.org\/wp-content\/uploads\/2024\/11\/MLFREE_konferencija-19-500x313.png 500w, https:\/\/sunce-st.org\/wp-content\/uploads\/2024\/11\/MLFREE_konferencija-19.png 1280w\" sizes=\"auto, (max-width: 1024px) 100vw, 1024px\" \/><\/figure>\n<\/figure>\n\n\n\n<p>\u2013 By introducing qualitative standards, we enable young people to acquire relevant skills and become agents of change in their community, \u2013 <strong>Ba\u010di\u0107<\/strong> concluded.<\/p>\n\n\n\n<p>A panel discussion Implementing Environmental and Nature Protection Education Programs in Formal Education gathered <strong>Anita Kru\u017ei\u010devi\u0107<\/strong> from the Split School of Economics and Administration, <strong>Dafne Vlahovi\u0107 <\/strong>and <strong>Marijana DeMarchi<\/strong> from the Split Maritime School, and <strong>Zrinka Bani\u0107<\/strong> from Brda Elementary School. The panelists discussed the challenges in implementing ecological programs in schools and ways to link environmental topics to sustainable business practices.<\/p>\n\n\n\n<h2 class=\"wp-block-heading\" id=\"h-practical-activities-to-engage-youth\">Practical activities to engage youth<\/h2>\n\n\n\n<p>Later in the day, the panel Importance of Multi-Sector Collaboration to Empower Youth in Nature and Environmental Protection brought together experts from various sectors, including <strong>Margita Radman<\/strong> from the Sunce Association, <strong>Filip Prelec<\/strong> from the Vis Archipelago Geopark, <strong>Meri Juras<\/strong> from Kamen \u0160ine Elementary School, and <strong>Sanja Pe\u0161i\u0107<\/strong> from Josip Pupa\u010di\u0107 Elementary School in Omi\u0161.<\/p>\n\n\n\n<p>One key conclusion from these panels was that motivating young people to participate in ecological projects is challenging without parental support. <em><strong>Parents play a crucial role<\/strong><\/em>, noted many present experts, as their involvement is essential to keep young people motivated and active in conserving our planet. Participants emphasized the importance of continuing the implementation of educational programs, such as those in schools, which allow young people to actively participate in ecological initiatives and become agents of change.<\/p>\n\n\n\n<p>In the session Examples of Best Practices in Multi-Sector Collaboration, speakers shared specific examples of a participatory approach to environmental education with youth.<\/p>\n\n\n\n<p><strong>Martina Talaji\u0107<\/strong> from Sunce Association emphasized with concrete examples how practical activities and field lessons make learning fun and engaging, and children in such projects more easily understand the importance of environmental protection. <strong>Lana Schmidt from Vis Archipelago Geopark<\/strong> shared her experience working with schools, where children learned about geological heritage, conservation of natural resources, and sustainable tourism through various activities. <strong>PhD Dubravka Bojani\u0107 Varezi\u0107 from the Institute of Oceanography and Fisheries in Split<\/strong> showed how young researchers can directly participate in the work of scientists, thereby encouraging their understanding of the importance of marine conservation. At the end of the session, <strong>Josip Boban from the More and Kr\u0161 Public Institution<\/strong> spoke about their projects that involve children in coastal and marine environment protection activities.<\/p>\n\n\n\n<h2 class=\"wp-block-heading\" id=\"h-strengthening-partnerships-education-and-practical-action-for-the-future-of-the-adriatic-sea\">Strengthening partnerships, education, and practical action for the future of the Adriatic Sea<\/h2>\n\n\n\n<p>As all experts at the conference emphasized, young people best absorb knowledge when they are outdoors, \u201cgetting their hands dirty,\u201d moving, and learning through play. The last day of the conference was spent outdoors, allowing for interactive learning and experience sharing.<\/p>\n\n\n\n<figure class=\"wp-block-gallery has-nested-images columns-default is-cropped wp-block-gallery-6 is-layout-flex wp-block-gallery-is-layout-flex\">\n<figure class=\"wp-block-image size-large\"><img loading=\"lazy\" decoding=\"async\" width=\"600\" height=\"800\" data-id=\"28688\" src=\"https:\/\/sunce-st.org\/wp-content\/uploads\/2024\/11\/MLFREE_konferencija-11.png\" alt=\"\" class=\"wp-image-28688\" srcset=\"https:\/\/sunce-st.org\/wp-content\/uploads\/2024\/11\/MLFREE_konferencija-11.png 600w, https:\/\/sunce-st.org\/wp-content\/uploads\/2024\/11\/MLFREE_konferencija-11-225x300.png 225w, https:\/\/sunce-st.org\/wp-content\/uploads\/2024\/11\/MLFREE_konferencija-11-500x667.png 500w\" sizes=\"auto, (max-width: 600px) 100vw, 600px\" \/><\/figure>\n\n\n\n<figure class=\"wp-block-image size-large\"><img loading=\"lazy\" decoding=\"async\" width=\"600\" height=\"800\" data-id=\"28675\" src=\"https:\/\/sunce-st.org\/wp-content\/uploads\/2024\/11\/MLFREE_konferencija-9.png\" alt=\"\" class=\"wp-image-28675\" srcset=\"https:\/\/sunce-st.org\/wp-content\/uploads\/2024\/11\/MLFREE_konferencija-9.png 600w, https:\/\/sunce-st.org\/wp-content\/uploads\/2024\/11\/MLFREE_konferencija-9-225x300.png 225w, https:\/\/sunce-st.org\/wp-content\/uploads\/2024\/11\/MLFREE_konferencija-9-500x667.png 500w\" sizes=\"auto, (max-width: 600px) 100vw, 600px\" \/><\/figure>\n<\/figure>\n\n\n\n<figure class=\"wp-block-gallery has-nested-images columns-default is-cropped wp-block-gallery-7 is-layout-flex wp-block-gallery-is-layout-flex\">\n<figure class=\"wp-block-image size-large\"><img loading=\"lazy\" decoding=\"async\" width=\"1280\" height=\"800\" data-id=\"28691\" src=\"https:\/\/sunce-st.org\/wp-content\/uploads\/2024\/11\/MLFREE_konferencija-15.png\" alt=\"\" class=\"wp-image-28691\" srcset=\"https:\/\/sunce-st.org\/wp-content\/uploads\/2024\/11\/MLFREE_konferencija-15.png 1280w, https:\/\/sunce-st.org\/wp-content\/uploads\/2024\/11\/MLFREE_konferencija-15-480x300.png 480w\" sizes=\"auto, (max-width: 1280px) 100vw, 1280px\" \/><\/figure>\n\n\n\n<figure class=\"wp-block-image size-large\"><img loading=\"lazy\" decoding=\"async\" width=\"1280\" height=\"800\" data-id=\"28665\" src=\"https:\/\/sunce-st.org\/wp-content\/uploads\/2024\/11\/MLFREE_konferencija-17.png\" alt=\"\" class=\"wp-image-28665\" srcset=\"https:\/\/sunce-st.org\/wp-content\/uploads\/2024\/11\/MLFREE_konferencija-17.png 1280w, https:\/\/sunce-st.org\/wp-content\/uploads\/2024\/11\/MLFREE_konferencija-17-480x300.png 480w\" sizes=\"auto, (max-width: 1280px) 100vw, 1280px\" \/><\/figure>\n<\/figure>\n\n\n\n<p>\u2013 We left the conference room, and, enjoying the sun and fresh air, we got to know each other better through a participatory process led by <strong>Igor Speti\u0107 from Youth in Focus<\/strong>, working on plans for new projects and collaborations. The exchange of experiences, ideas, and strategic guidelines allowed for a better understanding of both the challenges and opportunities ahead. The conference was an opportunity to connect with colleagues, share best practices, and lay the foundation for future joint projects \u2013 concluded <strong>Margita Radman<\/strong>, head of Sunce\u2019s Education and Information Department, who led this part of the conference together with Speti\u010d.<\/p>\n\n\n\n<p>The conclusion from all attendees was clear: <em>You should have been at this conference!<\/em><\/p>\n\n\n\n<figure class=\"wp-block-image size-large\"><img loading=\"lazy\" decoding=\"async\" width=\"1024\" height=\"320\" src=\"https:\/\/sunce-st.org\/wp-content\/uploads\/2023\/12\/Logo-Interreg-Italy-Croatia_ML-FREE-CMYK.ai-4-1024x320.jpg\" alt=\"\" class=\"wp-image-25172\" srcset=\"https:\/\/sunce-st.org\/wp-content\/uploads\/2023\/12\/Logo-Interreg-Italy-Croatia_ML-FREE-CMYK.ai-4-1024x320.jpg 1024w, https:\/\/sunce-st.org\/wp-content\/uploads\/2023\/12\/Logo-Interreg-Italy-Croatia_ML-FREE-CMYK.ai-4-760x238.jpg 760w, https:\/\/sunce-st.org\/wp-content\/uploads\/2023\/12\/Logo-Interreg-Italy-Croatia_ML-FREE-CMYK.ai-4-768x240.jpg 768w, https:\/\/sunce-st.org\/wp-content\/uploads\/2023\/12\/Logo-Interreg-Italy-Croatia_ML-FREE-CMYK.ai-4-500x156.jpg 500w, https:\/\/sunce-st.org\/wp-content\/uploads\/2023\/12\/Logo-Interreg-Italy-Croatia_ML-FREE-CMYK.ai-4.jpg 1280w\" sizes=\"auto, (max-width: 1024px) 100vw, 1024px\" \/><\/figure>\n","protected":false},"excerpt":{"rendered":"<p>Experts from Croatia and Italy, along with representatives from institutions, CSOs, and young people, gathered to develop joint solutions for the restoration and protection of the sea from marine litter pollution.<\/p>\n","protected":false},"author":9,"featured_media":28658,"comment_status":"open","ping_status":"open","sticky":false,"template":"","format":"standard","meta":{"_acf_changed":false,"footnotes":""},"categories":[1250,1111,5],"tags":[1052,1097,1198],"class_list":["post-28698","post","type-post","status-publish","format-standard","has-post-thumbnail","hentry","category-waste-from-the-sea","category-ml-free-marine-litter-free-adriatic-sea-education-for-active-youth-participation","category-news","tag-marine-litter","tag-ml-free","tag-plastic-free-croatian-island"],"acf":[],"_links":{"self":[{"href":"https:\/\/sunce-st.org\/en\/wp-json\/wp\/v2\/posts\/28698","targetHints":{"allow":["GET"]}}],"collection":[{"href":"https:\/\/sunce-st.org\/en\/wp-json\/wp\/v2\/posts"}],"about":[{"href":"https:\/\/sunce-st.org\/en\/wp-json\/wp\/v2\/types\/post"}],"author":[{"embeddable":true,"href":"https:\/\/sunce-st.org\/en\/wp-json\/wp\/v2\/users\/9"}],"replies":[{"embeddable":true,"href":"https:\/\/sunce-st.org\/en\/wp-json\/wp\/v2\/comments?post=28698"}],"version-history":[{"count":5,"href":"https:\/\/sunce-st.org\/en\/wp-json\/wp\/v2\/posts\/28698\/revisions"}],"predecessor-version":[{"id":37560,"href":"https:\/\/sunce-st.org\/en\/wp-json\/wp\/v2\/posts\/28698\/revisions\/37560"}],"wp:featuredmedia":[{"embeddable":true,"href":"https:\/\/sunce-st.org\/en\/wp-json\/wp\/v2\/media\/28658"}],"wp:attachment":[{"href":"https:\/\/sunce-st.org\/en\/wp-json\/wp\/v2\/media?parent=28698"}],"wp:term":[{"taxonomy":"category","embeddable":true,"href":"https:\/\/sunce-st.org\/en\/wp-json\/wp\/v2\/categories?post=28698"},{"taxonomy":"post_tag","embeddable":true,"href":"https:\/\/sunce-st.org\/en\/wp-json\/wp\/v2\/tags?post=28698"}],"curies":[{"name":"wp","href":"https:\/\/api.w.org\/{rel}","templated":true}]}}