{"id":28601,"date":"2024-10-31T20:46:31","date_gmt":"2024-10-31T19:46:31","guid":{"rendered":"https:\/\/sunce-st.org\/?p=28601"},"modified":"2025-02-19T13:52:58","modified_gmt":"2025-02-19T12:52:58","slug":"sunce-organizes-a-conference-for-a-sustainable-future-and-cleans-the-adriatic","status":"publish","type":"post","link":"https:\/\/sunce-st.org\/en\/projects\/ml-free-marine-litter-free-adriatic-sea-education-for-active-youth-participation\/sunce-organizes-a-conference-for-a-sustainable-future-and-cleans-the-adriatic\/","title":{"rendered":"Sunce organizes a conference for a sustainable future and clean Adriatic"},"content":{"rendered":"\n<p>From the coast to the open sea, on the Croatian and Italian sides, the Adriatic is under constant and increasing pressure, and one of its greatest threats is <strong>marine litter<\/strong>. With more than 80% of marine litter originating from land, mostly plastic, urgent joint solutions to preserve the marine ecosystem are urgently needed. Through practical education and empowering young people to become active participants in the protection of nature and the environment, we can build the foundations of a sustainable future. With this goal in mind, Sunce is organizing a three-day interdisciplinary conference <strong>Marine Litter-Free Tides of Change at<\/strong> <strong>MEDILS in Split from November 4 to 6<\/strong>. The conference brings together experts in environmental science, representatives of institutions, NGOs and young people from the local community and the region, who will present expert papers and examples of good practice.<\/p>\n\n\n\n<figure class=\"wp-block-image size-large\"><img loading=\"lazy\" decoding=\"async\" width=\"1024\" height=\"576\" src=\"https:\/\/sunce-st.org\/wp-content\/uploads\/2024\/10\/ML-free-konferencija-1024x576.jpg\" alt=\"\" class=\"wp-image-28598\" srcset=\"https:\/\/sunce-st.org\/wp-content\/uploads\/2024\/10\/ML-free-konferencija-1024x576.jpg 1024w, https:\/\/sunce-st.org\/wp-content\/uploads\/2024\/10\/ML-free-konferencija-533x300.jpg 533w, https:\/\/sunce-st.org\/wp-content\/uploads\/2024\/10\/ML-free-konferencija-768x432.jpg 768w, https:\/\/sunce-st.org\/wp-content\/uploads\/2024\/10\/ML-free-konferencija-500x281.jpg 500w, https:\/\/sunce-st.org\/wp-content\/uploads\/2024\/10\/ML-free-konferencija.jpg 1280w\" sizes=\"auto, (max-width: 1024px) 100vw, 1024px\" \/><\/figure>\n\n\n\n<p>\u2013 In our daily work, we are often dedicated exclusively to our own projects and obligations, which is why we do not have the opportunity to explore the work of other experts. The conference will provide us with a unique opportunity to gather with the same goal in one place and jointly think about the most effective ways to protect nature and the environment. \u2013 emphasized <strong>Tea Kuzmi\u010di\u0107 Rosandi\u0107<\/strong>, manager of the Interreg project <a href=\"https:\/\/sunce-st.org\/en\/projects\/ml-free-marine-litter-free-adriatic-sea-education-for-active-youth-participation\/kljucna-rjesenja-za-morski-otpad-u-jadranskom-moru-marine-litter-free-tides-of-change\/\" target=\"_blank\" rel=\"noreferrer noopener\">ML-FREE<\/a>, within which the conference is being organized along with the <a href=\"https:\/\/sunce-st.org\/en\/projects\/plastic-free-croatian-island\/\" target=\"_blank\" rel=\"noreferrer noopener\">Plastic-Free Croatian Island<\/a> project. You can find the full program <a href=\"https:\/\/suncesplit.wixsite.com\/marine-litter-free\" target=\"_blank\" rel=\"noopener\">HERE<\/a>.<\/p>\n\n\n\n<h2 class=\"wp-block-heading\" id=\"h-sunce-once-again-brings-together-international-experts-and-representatives-of-institutions\"><strong>Sunce once again brings together international experts and representatives of institutions<\/strong><\/h2>\n\n\n\n<p>The conference will include a series of lectures, panels and an interactive workshop with a focus on sustainable methods of reducing plastic waste and raising awareness of the importance of environmental protection. It will be held live, and you will be able to follow the exchange of knowledge via <strong>Facebook Live on Sunce\u2019s profile<\/strong> (<a href=\"https:\/\/www.facebook.com\/udruga.sunce.split\" target=\"_blank\" rel=\"noopener\">link<\/a>).<\/p>\n\n\n\n<p>On the first day, the conference will be officially opened with a short speech by <strong>Danijela \u0160egvi\u0107<\/strong>, Head of the Department of Environmental Protection of the City of Split. Experts from the <strong>Split Institute of Oceanography<\/strong> <strong>and Fisheries<\/strong> and the Zagreb <strong>Ru\u0111er Bo\u0161kovi\u0107 Institute<\/strong> will educate the guests about marine litter, microplastics, and educational programs and cooperation between institutions. <strong>Fr\u00e9d\u00e9rique Mongodin<\/strong> will speak about the SUP Directive, representatives of the Seas at Risk organization from Brussels, and <strong>Marjan \u017ditnik<\/strong> from Dubrovnik&#8217;s Maritimo Recycling will talk about innovative solutions.<\/p>\n\n\n\n<figure class=\"wp-block-gallery has-nested-images columns-default is-cropped wp-block-gallery-1 is-layout-flex wp-block-gallery-is-layout-flex\">\n<figure class=\"wp-block-image size-full\"><img loading=\"lazy\" decoding=\"async\" width=\"600\" height=\"800\" data-id=\"27198\" src=\"https:\/\/sunce-st.org\/wp-content\/uploads\/2024\/07\/san_sustipanske_noci_visekratna_casa.jpg\" alt=\"visekratna-casa-san-sustipanske-noci\" class=\"wp-image-27198\" srcset=\"https:\/\/sunce-st.org\/wp-content\/uploads\/2024\/07\/san_sustipanske_noci_visekratna_casa.jpg 600w, https:\/\/sunce-st.org\/wp-content\/uploads\/2024\/07\/san_sustipanske_noci_visekratna_casa-225x300.jpg 225w, https:\/\/sunce-st.org\/wp-content\/uploads\/2024\/07\/san_sustipanske_noci_visekratna_casa-500x667.jpg 500w\" sizes=\"auto, (max-width: 600px) 100vw, 600px\" \/><\/figure>\n\n\n\n<figure class=\"wp-block-image size-full\"><img loading=\"lazy\" decoding=\"async\" width=\"1280\" height=\"721\" data-id=\"28573\" src=\"https:\/\/sunce-st.org\/wp-content\/uploads\/2024\/10\/ML-FREE-Venecija-pilot-projekt-11.jpg\" alt=\"\" class=\"wp-image-28573\" srcset=\"https:\/\/sunce-st.org\/wp-content\/uploads\/2024\/10\/ML-FREE-Venecija-pilot-projekt-11.jpg 1280w, https:\/\/sunce-st.org\/wp-content\/uploads\/2024\/10\/ML-FREE-Venecija-pilot-projekt-11-533x300.jpg 533w, https:\/\/sunce-st.org\/wp-content\/uploads\/2024\/10\/ML-FREE-Venecija-pilot-projekt-11-1024x577.jpg 1024w, https:\/\/sunce-st.org\/wp-content\/uploads\/2024\/10\/ML-FREE-Venecija-pilot-projekt-11-768x433.jpg 768w, https:\/\/sunce-st.org\/wp-content\/uploads\/2024\/10\/ML-FREE-Venecija-pilot-projekt-11-500x282.jpg 500w\" sizes=\"auto, (max-width: 1280px) 100vw, 1280px\" \/><\/figure>\n<\/figure>\n\n\n\n<p>That young people have a significant role in marine protection, especially in the area of \u200b\u200bcross-border cooperation with Italy, will be confirmed by professors from the <strong>Split School of Economics and Administration<\/strong> and <strong>Marco Polo <\/strong><strong>\u2013<\/strong><strong> Liceo Artistico Venezia<\/strong>, partner schools in the ML-FREE project. On the second day of the conference, they will present the results of their students&#8217; work and share their impressions from two study trips that took place this year.<\/p>\n\n\n\n<p>The third day of the conference will be dedicated to group work that will allow participants to explore opportunities for further intersectoral cooperation, sharing their resources, ideas and needs with colleagues from different sectors.<\/p>\n\n\n\n<h2 class=\"wp-block-heading\" id=\"h-ml-free-and-plastic-free-croatian-island-projects\"><strong>ML-FREE and Plastic-free Croatian island projects<\/strong><\/h2>\n\n\n\n<p>The ML-FREE project, co-financed by the European Union as part of the Interreg Italy-Croatia cross-border cooperation programme, aims to solve the pressing problem of marine litter, especially plastic pollution, in the Adriatic Sea.<\/p>\n\n\n\n<p>\u2013 By focusing on the education and engagement of young people, we strive to foster a sustainable society that actively participates in the preservation of the marine ecosystem. \u2013 emphasized <strong>Kuzmi\u010di\u0107 Rosandi\u0107<\/strong>.<\/p>\n\n\n\n<p>\u2013 In order to change the state of pollution in the Adriatic, it is necessary to develop measures to prevent the creation of waste that ends up in the sea. Not only develop them, but also implement them nationally and locally, with proper implementation and compliance with legal documents such as the EU Directive on Single-Use Plastics (SUP Directive). \u2013 added <strong>Dalka Zanki<\/strong>, leader of the Plastic-Free Croatian Island project.<\/p>\n\n\n\n<figure class=\"wp-block-image size-full\"><img loading=\"lazy\" decoding=\"async\" width=\"1024\" height=\"640\" src=\"https:\/\/sunce-st.org\/wp-content\/uploads\/2024\/10\/web-17-1024x640-1.jpg\" alt=\"\" class=\"wp-image-30438\" srcset=\"https:\/\/sunce-st.org\/wp-content\/uploads\/2024\/10\/web-17-1024x640-1.jpg 1024w, https:\/\/sunce-st.org\/wp-content\/uploads\/2024\/10\/web-17-1024x640-1-480x300.jpg 480w, https:\/\/sunce-st.org\/wp-content\/uploads\/2024\/10\/web-17-1024x640-1-768x480.jpg 768w, https:\/\/sunce-st.org\/wp-content\/uploads\/2024\/10\/web-17-1024x640-1-500x313.jpg 500w\" sizes=\"auto, (max-width: 1024px) 100vw, 1024px\" \/><\/figure>\n\n\n\n<p>The <em>Plastic-Free Croatian Island<\/em> project is supported by DIEF \u2013 Dalmatian Islands Environmental Foundation, thanks to funds received from the Conservation Collective through a partnership with Depeche Mode &amp; Hublot during their <em>Memento Mori<\/em> world tour.<\/p>\n\n\n\n<p>The synergy of projects and services implemented by Sunce in the field of waste management and prevention of marine litter is already yielding results and influencing various stakeholders in the national and cross-border area. We believe that drastic changes are needed in the implementation of the legislative framework for sustainable waste management. We call on all stakeholders, institutions and citizens to actively get involved, and work together to create a healthier and cleaner Adriatic Sea for generations to come. \u2013 concluded <strong>Kuzmi\u010di\u0107 Rosandi\u0107<\/strong>.<\/p>\n","protected":false},"excerpt":{"rendered":"<p>With more than 80% of marine litter originating from land, mostly plastic, urgent joint solutions to preserve the marine ecosystem are urgently needed. <\/p>\n","protected":false},"author":8,"featured_media":18188,"comment_status":"open","ping_status":"open","sticky":false,"template":"","format":"standard","meta":{"_acf_changed":false,"footnotes":""},"categories":[1111,1149,1196],"tags":[1052,1097,1198],"class_list":["post-28601","post","type-post","status-publish","format-standard","has-post-thumbnail","hentry","category-ml-free-marine-litter-free-adriatic-sea-education-for-active-youth-participation","category-desirmed-demonstration-and-mainstreaming-of-nature-based-solutions-for-climate-resilient-transformation-in-the-mediterranean","category-plastic-free-croatian-island-en","tag-marine-litter","tag-ml-free","tag-plastic-free-croatian-island"],"acf":[],"_links":{"self":[{"href":"https:\/\/sunce-st.org\/en\/wp-json\/wp\/v2\/posts\/28601","targetHints":{"allow":["GET"]}}],"collection":[{"href":"https:\/\/sunce-st.org\/en\/wp-json\/wp\/v2\/posts"}],"about":[{"href":"https:\/\/sunce-st.org\/en\/wp-json\/wp\/v2\/types\/post"}],"author":[{"embeddable":true,"href":"https:\/\/sunce-st.org\/en\/wp-json\/wp\/v2\/users\/8"}],"replies":[{"embeddable":true,"href":"https:\/\/sunce-st.org\/en\/wp-json\/wp\/v2\/comments?post=28601"}],"version-history":[{"count":4,"href":"https:\/\/sunce-st.org\/en\/wp-json\/wp\/v2\/posts\/28601\/revisions"}],"predecessor-version":[{"id":30440,"href":"https:\/\/sunce-st.org\/en\/wp-json\/wp\/v2\/posts\/28601\/revisions\/30440"}],"wp:featuredmedia":[{"embeddable":true,"href":"https:\/\/sunce-st.org\/en\/wp-json\/wp\/v2\/media\/18188"}],"wp:attachment":[{"href":"https:\/\/sunce-st.org\/en\/wp-json\/wp\/v2\/media?parent=28601"}],"wp:term":[{"taxonomy":"category","embeddable":true,"href":"https:\/\/sunce-st.org\/en\/wp-json\/wp\/v2\/categories?post=28601"},{"taxonomy":"post_tag","embeddable":true,"href":"https:\/\/sunce-st.org\/en\/wp-json\/wp\/v2\/tags?post=28601"}],"curies":[{"name":"wp","href":"https:\/\/api.w.org\/{rel}","templated":true}]}}