{"id":28508,"date":"2024-10-24T13:05:16","date_gmt":"2024-10-24T11:05:16","guid":{"rendered":"https:\/\/sunce-st.org\/?p=28508"},"modified":"2025-02-04T07:58:50","modified_gmt":"2025-02-04T06:58:50","slug":"erasmus-projekt-eat-sleep-hiking-na-madeiri-priroda-avantura-i-kulturna-razmjena","status":"publish","type":"post","link":"https:\/\/sunce-st.org\/en\/news\/erasmus-projekt-eat-sleep-hiking-na-madeiri-priroda-avantura-i-kulturna-razmjena\/","title":{"rendered":"Erasmus+ project &#8220;Eat, Sleep, Hiking&#8221; in Madeira: nature, adventure, and cultural exchange"},"content":{"rendered":"\n<p>In sunny Madeira, from September 16th to 25th, I participated as a volunteer of the association, alongside other volunteers Miljenko Duji\u0107, Filipa \u0160iljeg, and Ivan Vuleti\u0107, in the Youth Exchange project<strong> Eat, Sleep, Hiking<\/strong> with our project leader, Domagoj Goreta.<\/p>\n\n\n\n<h2 class=\"wp-block-heading\" id=\"h-porto-moniz-and-funchal-an-introduction-to-madeira-s-natural-beauty-and-culture\">Porto Moniz and Funchal: an introduction to Madeira&#8217;s natural beauty and culture<\/h2>\n\n\n\n<p>Our journey to this island in the Atlantic Ocean began a few days before the project started, and we were fortunate to be accommodated in <strong>Porto Moniz<\/strong>. As soon as we arrived, we were captivated by the natural beauty of this village, known for its natural pools of volcanic origin formed by lava cooling over thousands of years.<\/p>\n\n\n\n<p>During our stay in Porto Moniz, we made the most of every moment. As soon as we woke up, we went hiking to Miradouro do Pico and spent the afternoons at the pools. In the evenings, we visited the <strong>Fanal forest, one of the last remaining examples of European primeval forest<\/strong>, which is under UNESCO protection due to its biodiversity.<\/p>\n\n\n\n<figure class=\"wp-block-image size-large\"><img loading=\"lazy\" decoding=\"async\" width=\"1024\" height=\"640\" src=\"https:\/\/sunce-st.org\/wp-content\/uploads\/2024\/10\/Maderia_Erasmus-10-1024x640.png\" alt=\"\" class=\"wp-image-28504\" srcset=\"https:\/\/sunce-st.org\/wp-content\/uploads\/2024\/10\/Maderia_Erasmus-10-1024x640.png 1024w, https:\/\/sunce-st.org\/wp-content\/uploads\/2024\/10\/Maderia_Erasmus-10-480x300.png 480w, https:\/\/sunce-st.org\/wp-content\/uploads\/2024\/10\/Maderia_Erasmus-10-768x480.png 768w, https:\/\/sunce-st.org\/wp-content\/uploads\/2024\/10\/Maderia_Erasmus-10-500x313.png 500w, https:\/\/sunce-st.org\/wp-content\/uploads\/2024\/10\/Maderia_Erasmus-10.png 1280w\" sizes=\"auto, (max-width: 1024px) 100vw, 1024px\" \/><\/figure>\n\n\n\n<p>The next day, we headed to <strong>Funchal, the island&#8217;s capital<\/strong>, where we settled in a hostel with other participants and spent the evening exploring the city.<\/p>\n\n\n\n<h2 class=\"wp-block-heading\" id=\"h-intercultural-exchange-and-hiking-activities\">Intercultural exchange and hiking activities<\/h2>\n\n\n\n<p>The first few days were dedicated to <strong>getting to know other participants and their cultures<\/strong>. For instance, we took part in a workshop called Sport Realities in Our Countries, where some countries presented their traditional games. We learned about an Estonian competition where the goal is for a man to carry a woman on his back through a special obstacle course in the fastest time, as well as about the Georgian sport Lelo Burti, which involves playing with a 16-kilogram ball.<\/p>\n\n\n\n<p>Our first hiking day was spent on the eastern side of the island, on the <strong>Vereda da Ponta de S\u00e3o Louren\u00e7o trail<\/strong>. This path took us along a narrow route right by the ocean, offering us a chance to see stunning panoramas of this part of the island, also shaped by volcanic eruptions. When we reached the end, we had free time, which Filipa and I spent kayaking, where we even saw a seal! The rest of the day was spent at the beach, where some people built pebble towers.<\/p>\n\n\n\n<p>The next hike was the<strong> Vereda dos Balc\u00f5es<\/strong>, leading us through a beautiful forest with various native and endemic species. When we reached the viewpoint, we enjoyed the view of the mountains and spotted different birds. The rest of that day was free of activities, so our group spent time exploring the island. We climbed above the clouds to the <strong>highest peak of the island<\/strong>, Pico Ruivo, at 1,862 meters above sea level, and to the second-highest peak, Pico do Areeiro.<\/p>\n\n\n\n<figure class=\"wp-block-gallery has-nested-images columns-default is-cropped wp-block-gallery-1 is-layout-flex wp-block-gallery-is-layout-flex\">\n<figure class=\"wp-block-image size-large\"><img loading=\"lazy\" decoding=\"async\" width=\"600\" height=\"800\" data-id=\"28498\" src=\"https:\/\/sunce-st.org\/wp-content\/uploads\/2024\/10\/Maderia_Erasmus-6.png\" alt=\"\" class=\"wp-image-28498\" srcset=\"https:\/\/sunce-st.org\/wp-content\/uploads\/2024\/10\/Maderia_Erasmus-6.png 600w, https:\/\/sunce-st.org\/wp-content\/uploads\/2024\/10\/Maderia_Erasmus-6-225x300.png 225w, https:\/\/sunce-st.org\/wp-content\/uploads\/2024\/10\/Maderia_Erasmus-6-500x667.png 500w\" sizes=\"auto, (max-width: 600px) 100vw, 600px\" \/><\/figure>\n\n\n\n<figure class=\"wp-block-image size-large\"><img loading=\"lazy\" decoding=\"async\" width=\"600\" height=\"800\" data-id=\"28496\" src=\"https:\/\/sunce-st.org\/wp-content\/uploads\/2024\/10\/Maderia_Erasmus-5.png\" alt=\"\" class=\"wp-image-28496\" srcset=\"https:\/\/sunce-st.org\/wp-content\/uploads\/2024\/10\/Maderia_Erasmus-5.png 600w, https:\/\/sunce-st.org\/wp-content\/uploads\/2024\/10\/Maderia_Erasmus-5-225x300.png 225w, https:\/\/sunce-st.org\/wp-content\/uploads\/2024\/10\/Maderia_Erasmus-5-500x667.png 500w\" sizes=\"auto, (max-width: 600px) 100vw, 600px\" \/><\/figure>\n<\/figure>\n\n\n\n<h2 class=\"wp-block-heading\" id=\"h-visit-to-santana-and-presentation-of-croatian-culture\">Visit to Santana and presentation of Croatian culture<\/h2>\n\n\n\n<p>We also visited the <strong>municipality of Santana<\/strong>, which UNESCO has declared a biosphere reserve due to its valuable natural and cultural heritage. It is best known for its triangular-shaped houses with thatched roofs.<\/p>\n\n\n\n<p>Each evening of the project, <strong>intercultural evenings<\/strong> were held, where representatives from different countries showcased their culture. As part of this, we presented our rich history, taught them the Glagolitic alphabet, introduced them to our regions, and brought our traditional food and drinks. We danced the Slavonian <em>kolo <\/em>and <em>lin\u0111o<\/em>, and played the famous Sinjska alka with everyone!<\/p>\n\n\n\n<figure class=\"wp-block-gallery has-nested-images columns-default is-cropped wp-block-gallery-2 is-layout-flex wp-block-gallery-is-layout-flex\">\n<figure class=\"wp-block-image size-large\"><img loading=\"lazy\" decoding=\"async\" width=\"600\" height=\"800\" data-id=\"28500\" src=\"https:\/\/sunce-st.org\/wp-content\/uploads\/2024\/10\/Maderia_Erasmus-7.png\" alt=\"\" class=\"wp-image-28500\" srcset=\"https:\/\/sunce-st.org\/wp-content\/uploads\/2024\/10\/Maderia_Erasmus-7.png 600w, https:\/\/sunce-st.org\/wp-content\/uploads\/2024\/10\/Maderia_Erasmus-7-225x300.png 225w, https:\/\/sunce-st.org\/wp-content\/uploads\/2024\/10\/Maderia_Erasmus-7-500x667.png 500w\" sizes=\"auto, (max-width: 600px) 100vw, 600px\" \/><\/figure>\n\n\n\n<figure class=\"wp-block-image size-large\"><img loading=\"lazy\" decoding=\"async\" width=\"600\" height=\"800\" data-id=\"28494\" src=\"https:\/\/sunce-st.org\/wp-content\/uploads\/2024\/10\/Maderia_Erasmus-4.png\" alt=\"\" class=\"wp-image-28494\" srcset=\"https:\/\/sunce-st.org\/wp-content\/uploads\/2024\/10\/Maderia_Erasmus-4.png 600w, https:\/\/sunce-st.org\/wp-content\/uploads\/2024\/10\/Maderia_Erasmus-4-225x300.png 225w, https:\/\/sunce-st.org\/wp-content\/uploads\/2024\/10\/Maderia_Erasmus-4-500x667.png 500w\" sizes=\"auto, (max-width: 600px) 100vw, 600px\" \/><\/figure>\n<\/figure>\n\n\n\n<p>The last day of the project was spent in St. Catherine&#8217;s Park in Funchal, where we had a picnic and played various games that took us back to our childhood.<\/p>\n\n\n\n<p>This wonderful experience taught us many things, especially how to lead a healthier life and develop habits that will turn us into better versions of ourselves! <strong>If you want to be part of similar projects and contribute to the community through volunteering, join Sunce! <\/strong><a href=\"https:\/\/sunce-st.org\/en\/join-in\/volunteer\/\" target=\"_blank\" rel=\"noreferrer noopener\">Become a member<\/a> or <a href=\"https:\/\/sunce-st.org\/en\/join-in\/volunteer\/\">volunteer<\/a> and participate in activities that connect people and promote a sustainable way of living.<\/p>\n\n\n\n<figure class=\"wp-block-image size-full\"><img loading=\"lazy\" decoding=\"async\" width=\"1003\" height=\"217\" src=\"https:\/\/sunce-st.org\/wp-content\/uploads\/2024\/02\/funded_by_EU.jpg\" alt=\"\" class=\"wp-image-24079\" srcset=\"https:\/\/sunce-st.org\/wp-content\/uploads\/2024\/02\/funded_by_EU.jpg 1003w, https:\/\/sunce-st.org\/wp-content\/uploads\/2024\/02\/funded_by_EU-760x164.jpg 760w, https:\/\/sunce-st.org\/wp-content\/uploads\/2024\/02\/funded_by_EU-768x166.jpg 768w, https:\/\/sunce-st.org\/wp-content\/uploads\/2024\/02\/funded_by_EU-500x108.jpg 500w\" sizes=\"auto, (max-width: 1003px) 100vw, 1003px\" \/><\/figure>\n","protected":false},"excerpt":{"rendered":"<p>Read about how our volunteers spent their time in sunny Madeira, from September 16th to 25th, at the Youth Exchange project &#8220;Eat, Sleep, Hiking.&#8221;<\/p>\n","protected":false},"author":9,"featured_media":28503,"comment_status":"open","ping_status":"open","sticky":false,"template":"","format":"standard","meta":{"_acf_changed":false,"footnotes":""},"categories":[1194,5,975],"tags":[216],"class_list":["post-28508","post","type-post","status-publish","format-standard","has-post-thumbnail","hentry","category-life-in-plastic-is-not-fantastic-en","category-news","category-volunteers","tag-erasmus"],"acf":[],"_links":{"self":[{"href":"https:\/\/sunce-st.org\/en\/wp-json\/wp\/v2\/posts\/28508","targetHints":{"allow":["GET"]}}],"collection":[{"href":"https:\/\/sunce-st.org\/en\/wp-json\/wp\/v2\/posts"}],"about":[{"href":"https:\/\/sunce-st.org\/en\/wp-json\/wp\/v2\/types\/post"}],"author":[{"embeddable":true,"href":"https:\/\/sunce-st.org\/en\/wp-json\/wp\/v2\/users\/9"}],"replies":[{"embeddable":true,"href":"https:\/\/sunce-st.org\/en\/wp-json\/wp\/v2\/comments?post=28508"}],"version-history":[{"count":4,"href":"https:\/\/sunce-st.org\/en\/wp-json\/wp\/v2\/posts\/28508\/revisions"}],"predecessor-version":[{"id":30139,"href":"https:\/\/sunce-st.org\/en\/wp-json\/wp\/v2\/posts\/28508\/revisions\/30139"}],"wp:featuredmedia":[{"embeddable":true,"href":"https:\/\/sunce-st.org\/en\/wp-json\/wp\/v2\/media\/28503"}],"wp:attachment":[{"href":"https:\/\/sunce-st.org\/en\/wp-json\/wp\/v2\/media?parent=28508"}],"wp:term":[{"taxonomy":"category","embeddable":true,"href":"https:\/\/sunce-st.org\/en\/wp-json\/wp\/v2\/categories?post=28508"},{"taxonomy":"post_tag","embeddable":true,"href":"https:\/\/sunce-st.org\/en\/wp-json\/wp\/v2\/tags?post=28508"}],"curies":[{"name":"wp","href":"https:\/\/api.w.org\/{rel}","templated":true}]}}