{"id":17011,"date":"2022-06-06T08:49:11","date_gmt":"2022-06-06T06:49:11","guid":{"rendered":"https:\/\/sunce-st.org\/?p=17011"},"modified":"2023-01-24T22:39:27","modified_gmt":"2023-01-24T21:39:27","slug":"we-held-the-association-annual-assembly","status":"publish","type":"post","link":"https:\/\/sunce-st.org\/en\/news\/we-held-the-association-annual-assembly\/","title":{"rendered":"We held the Association annual Assembly"},"content":{"rendered":"\n<p>The annual assembly of the Association Sunce, at which the Report on the work for 2021 and changes to the Statute were accepted, was held on May 31, 2022 via the Zoom platform. 20 members participated, of which 19 are active members and one is an honorary member.<\/p>\n\n\n\n<p>The Executive Director and Program Manager for Environmental Protection and Sustainable Development, Gabrijela Meduni\u0107-Orli\u0107, began the presentation of the summary of the Work Report. Among the significant achievements of her Program, she highlighted the adoption of action plans to reduce plastic pollution for the cities of <a href=\"https:\/\/sunce-st.org\/en\/news\/city-of-dubrovnik-adopts-first-plan-of-action-to-reduction-of-plastic-pollution\/\" target=\"_blank\" rel=\"noreferrer noopener\">Dubrovnik<\/a>, <a href=\"https:\/\/sunce-st.org\/en\/news\/the-city-of-trogir-has-officially-adopted-the-plastic-smart-city-action-plan\/\" target=\"_blank\" rel=\"noreferrer noopener\">Trogir<\/a>, <a href=\"https:\/\/sunce-st.org\/en\/news\/for-plastic-free-croatian-islands-action-plan-and-decision-were-presented-in-the-stari-grad-city\/\" target=\"_blank\" rel=\"noreferrer noopener\">Stari Grad<\/a> on Hvar and the municipality of <a href=\"https:\/\/sunce-st.org\/en\/news\/the-action-plan-of-the-project-for-plastic-free-croatian-islands-presented-in-sali\/\">Sali<\/a> on Dugi Otok. These plans were accompanied by decisions on limiting the use of single-use plastics for Cities\/Municipalities and institutions and commercial companies (co)owned by the said Cities\/Municipalities.<\/p>\n\n\n\n<p>In 2021, activities on the topic of marine waste intensified. In order to ensure continuity of evidence-based advocacy, data on marine litter collected during clean-up operations is processed. Monitoring of marine waste is carried out through the implementation of the <a href=\"https:\/\/sunce-st.org\/en\/news\/protocol-for-organizing-clean-up-actions-in-the-marine-environment-and-coastal-afrea-on-the-territory-ofthe-republic-of-croatia-the-collection-and-processing-of-data-of-marine-litter\/\" target=\"_blank\" rel=\"noreferrer noopener\">Protocol for Organizing Clean-up Actions in the Marine Environment and Coastal area on the Territory of the Republic of Croatia, the Collection and Processing of Data of Marine Litter<\/a>.<\/p>\n\n\n<div class=\"wp-block-image\">\n<figure class=\"aligncenter size-large\"><img loading=\"lazy\" decoding=\"async\" width=\"1024\" height=\"666\" src=\"https:\/\/sunce-st.org\/wp-content\/uploads\/2021\/09\/IVC_4149-1024x666.jpg\" alt=\"\" class=\"wp-image-12423\" srcset=\"https:\/\/sunce-st.org\/wp-content\/uploads\/2021\/09\/IVC_4149-1024x666.jpg 1024w, https:\/\/sunce-st.org\/wp-content\/uploads\/2021\/09\/IVC_4149-461x300.jpg 461w, https:\/\/sunce-st.org\/wp-content\/uploads\/2021\/09\/IVC_4149-768x500.jpg 768w, https:\/\/sunce-st.org\/wp-content\/uploads\/2021\/09\/IVC_4149-500x325.jpg 500w, https:\/\/sunce-st.org\/wp-content\/uploads\/2021\/09\/IVC_4149.jpg 1230w\" sizes=\"auto, (max-width: 1024px) 100vw, 1024px\" \/><\/figure>\n<\/div>\n\n\n<p>A significant shift in the work of Sunce, and especially the Department of Environmental Law, is represented by the education on advocacy held as part of the <a href=\"https:\/\/sunce-st.org\/en\/projects\/preserving-the-adriatic-sea-ecosystems-by-active-participation-of-citizens-seas\/\" target=\"_blank\" rel=\"noreferrer noopener\">SEAS project &#8211; Save the Ecosystems of the Adriatic Sea with Active Participation<\/a>, which provided us with a clearer light on the ways and effects of using legal and communication tools in advocacy.<\/p>\n\n\n\n<p>The Nature Conservation Programme Manager, Zrinka Jakl, pointed out that the year was marked by Sunce&#8217;s advocacy successes, mostly related to the adoption of two ordinances: amendments to the <em>Ordinance on commercial fishing at sea with coastal trawl nets<\/em> and the <em>Ordinance on the protection and preservation of the Tela\u0161\u0107ica Nature Park<\/em>. Also, after more than 20 years of advocacy, in which Sunce was also involved, <a href=\"https:\/\/sunce-st.org\/en\/news\/environmentally-friendly-anchorages\/\" target=\"_blank\" rel=\"noreferrer noopener\">ecological anchorages were placed in the <strong>Kornati National Park<\/strong><\/a>. The installation of these anchorages was accompanied by the campaign <a href=\"https:\/\/sunce-st.org\/en\/news\/how-to-become-an-ambassador-and-posidonia-keeper\/\" target=\"_blank\" rel=\"noreferrer noopener\"><em>Become a Posidonia keeper<\/em><\/a>, carried out by the <strong><a href=\"https:\/\/sunce-st.org\/en\/projects\/saspas-safe-anchoring-and-seagrass-protection-in-the-adriatic-sea\/\" target=\"_blank\" rel=\"noreferrer noopener\">SASPAS<\/a><\/strong> project, aimed at boaters who come to NP Kornati. Intensive work was carried out in the implementation of consultation processes for the creation of <a href=\"https:\/\/sunce-st.org\/en\/news\/stakeholders-participation-at-workshops-in-2021-contributed-to-the-quality-of-the-future-management-plan-2\/\" target=\"_blank\" rel=\"noreferrer noopener\">eight management plans<\/a> for the areas of the Krka estuary, the island of Hvar, Maloston Bay, Pelje\u0161ac, Kor\u010dula, Snije\u017enica and Konavoski polje and Mljet, 21 workshops for stakeholders and 11 internal workshops were organized. A whole series of field research of the sea was carried out.<\/p>\n\n\n<div class=\"wp-block-image\">\n<figure class=\"aligncenter size-full\"><img loading=\"lazy\" decoding=\"async\" width=\"960\" height=\"718\" src=\"https:\/\/sunce-st.org\/wp-content\/uploads\/2022\/01\/242554798_6187103731331820_927947715879198997_n.jpg\" alt=\"\" class=\"wp-image-14988\" srcset=\"https:\/\/sunce-st.org\/wp-content\/uploads\/2022\/01\/242554798_6187103731331820_927947715879198997_n.jpg 960w, https:\/\/sunce-st.org\/wp-content\/uploads\/2022\/01\/242554798_6187103731331820_927947715879198997_n-401x300.jpg 401w, https:\/\/sunce-st.org\/wp-content\/uploads\/2022\/01\/242554798_6187103731331820_927947715879198997_n-768x574.jpg 768w, https:\/\/sunce-st.org\/wp-content\/uploads\/2022\/01\/242554798_6187103731331820_927947715879198997_n-500x374.jpg 500w\" sizes=\"auto, (max-width: 960px) 100vw, 960px\" \/><\/figure>\n<\/div>\n\n\n<p>The Head of Department of Education and Information, Margita Radman, presented the progress made by the project <a href=\"https:\/\/sunce-st.org\/en\/projects\/sustainable-student-companies\/\" target=\"_blank\" rel=\"noreferrer noopener\">Sustainable Student Companies in Croatian High Schools \u2013 Green Companies Promote Sustainable Entrepreneurial Thinking and Action of Young People in Croatia<\/a>, as well as the challenges and results of the education carried out within the framework of the<a href=\"https:\/\/sunce-st.org\/en\/projects\/life-artina-en\/\" target=\"_blank\" rel=\"noreferrer noopener\"> LIFE Artina <\/a>project.<\/p>\n\n\n\n<p>In 2021, we successfully passed the complex process of awarding the Quality Mark of the Agency for Mobility and EU Programs for the implementation of the European Solidarity Corps program for a period of seven years (2021 \u2013 2027) for the role of a leading organization.<\/p>\n\n\n\n<p>Finance Manager Samanta \u0160e\u0107er presented the financial part of the report and emphasized that Sunce&#8217;s total revenues increased by 14% compared to the previous year and amounted to HRK 4,341,466, which affected the share of economic activity.<\/p>\n\n\n\n<p>After the presentation of the <em>Work Report<\/em>, <strong>Gabrijela Meduni\u0107-Orli\u0107<\/strong> presented changes to the <em>Statute<\/em>, and a vote was taken on the adoption of the proposed <em>Statute<\/em> and the <em>Work Report<\/em> for 2021. Both documents were unanimously accepted.<\/p>\n\n\n\n<p>You can read the complete <em>Work Report<\/em> for 2021 at the <a href=\"https:\/\/sunce-st.org\/wp-content\/uploads\/2022\/06\/SUNCE_Izvjestaj_o_radu_2021_skracena.pdf\" target=\"_blank\" rel=\"noreferrer noopener\">link<\/a> (available in Croatian).<\/p>\n","protected":false},"excerpt":{"rendered":"<p>The annual assembly of the Association Sunce, at which the Report on the work for 2021 and changes to the Statute were accepted, was held on May 31, 2022 via the Zoom platform.<\/p>\n","protected":false},"author":8,"featured_media":17009,"comment_status":"open","ping_status":"open","sticky":false,"template":"","format":"standard","meta":{"_acf_changed":false,"footnotes":""},"categories":[977,5],"tags":[619,618],"class_list":["post-17011","post","type-post","status-publish","format-standard","has-post-thumbnail","hentry","category-members","category-news","tag-annual-assembly","tag-work-report"],"acf":[],"_links":{"self":[{"href":"https:\/\/sunce-st.org\/en\/wp-json\/wp\/v2\/posts\/17011","targetHints":{"allow":["GET"]}}],"collection":[{"href":"https:\/\/sunce-st.org\/en\/wp-json\/wp\/v2\/posts"}],"about":[{"href":"https:\/\/sunce-st.org\/en\/wp-json\/wp\/v2\/types\/post"}],"author":[{"embeddable":true,"href":"https:\/\/sunce-st.org\/en\/wp-json\/wp\/v2\/users\/8"}],"replies":[{"embeddable":true,"href":"https:\/\/sunce-st.org\/en\/wp-json\/wp\/v2\/comments?post=17011"}],"version-history":[{"count":4,"href":"https:\/\/sunce-st.org\/en\/wp-json\/wp\/v2\/posts\/17011\/revisions"}],"predecessor-version":[{"id":20487,"href":"https:\/\/sunce-st.org\/en\/wp-json\/wp\/v2\/posts\/17011\/revisions\/20487"}],"wp:featuredmedia":[{"embeddable":true,"href":"https:\/\/sunce-st.org\/en\/wp-json\/wp\/v2\/media\/17009"}],"wp:attachment":[{"href":"https:\/\/sunce-st.org\/en\/wp-json\/wp\/v2\/media?parent=17011"}],"wp:term":[{"taxonomy":"category","embeddable":true,"href":"https:\/\/sunce-st.org\/en\/wp-json\/wp\/v2\/categories?post=17011"},{"taxonomy":"post_tag","embeddable":true,"href":"https:\/\/sunce-st.org\/en\/wp-json\/wp\/v2\/tags?post=17011"}],"curies":[{"name":"wp","href":"https:\/\/api.w.org\/{rel}","templated":true}]}}